{"id":2573,"date":"2018-08-26T19:43:00","date_gmt":"2018-08-26T17:43:00","guid":{"rendered":"http:\/\/www.svdeckenpfronn.de\/?p=2573"},"modified":"2019-08-14T20:15:24","modified_gmt":"2019-08-14T18:15:24","slug":"spielbericht-25-8-2018","status":"publish","type":"post","link":"https:\/\/www.svdeckenpfronn.de\/?p=2573","title":{"rendered":"Spielbericht 25.8.2018"},"content":{"rendered":"<div class=\"HZU headline\">Spielbericht\u00a0 2. Mannschaft<\/div>\n<div class=\"textbody\"><b>TSV \u00d6schelbronn\u00a0 &#8211; SV Deckenpfronn\u00a0 4:2<\/b><br \/>\n1:0\u00a0 25. Min<br \/>\n1:1\u00a0 46. Min Dennis Kauffmann<br \/>\n1:2\u00a0 55. Min Luca Gr\u00f6ning<br \/>\n2:2\u00a0 70. Min<br \/>\n3:2\u00a0 85. Min<br \/>\n4:2\u00a0 89. MinDie 2. Mannschaft des SV Deckenpfronn tat sich in ihrem ersten Punktspiel gegen den TSV \u00d6schelbronn sehr schwer. Auch durch Gl\u00fcck lagen sie zur Halbzeit nur mit 1:0 hinten.<br \/>\nMarc Baur versuchte seine Mannschaft in der Pause neu ein zu stellen, was auch erst gut gelang. Dennis Kauffmann und Luca Gr\u00f6ning nutzten zwei Fehler der \u00d6schelbronner aus und drehten vor\u00fcbergehend die Partie. Nach der F\u00fchrung erh\u00f6hte der Gastgeber den Druck deutlich und der SV Deckenpfronn konnte sich kaum noch Entlastung nach vorne verschaffen.<br \/>\nDazu kam noch das sich einige SVD Spieler mehr mit dem Schiedsrichter besch\u00e4ftigten als sich auf ihr Spiel zu konzentrieren.<br \/>\nNicht ganz unverdient konnte der TSV \u00d6schelbronn in den letzten 20 Minuten das Spiel zu ihren Gunsten drehen.<br \/>\nMarc Baur:&#8220; In vielen Situationen waren wir einfach noch zu Gr\u00fcn hinter den Ohren, aber wir werden dazu lernen&#8220;!<\/div>\n","protected":false},"excerpt":{"rendered":"<p>Spielbericht\u00a0 2. Mannschaft TSV \u00d6schelbronn\u00a0 &#8211; SV Deckenpfronn\u00a0 4:2 1:0\u00a0 25. Min 1:1\u00a0 46. Min Dennis Kauffmann 1:2\u00a0 55. Min Luca Gr\u00f6ning 2:2\u00a0 70. Min 3:2\u00a0 85. Min 4:2\u00a0 89. MinDie 2. Mannschaft des SV Deckenpfronn tat sich in ihrem ersten Punktspiel gegen den TSV \u00d6schelbronn sehr schwer. Auch durch Gl\u00fcck lagen sie zur Halbzeit &#8230; <a title=\"Spielbericht 25.8.2018\" class=\"read-more\" href=\"https:\/\/www.svdeckenpfronn.de\/?p=2573\" aria-label=\"Mehr Informationen \u00fcber Spielbericht 25.8.2018\">Weiterlesen<\/a><\/p>\n","protected":false},"author":6,"featured_media":0,"comment_status":"closed","ping_status":"closed","sticky":false,"template":"","format":"standard","meta":{"footnotes":""},"categories":[48],"tags":[],"class_list":["post-2573","post","type-post","status-publish","format-standard","hentry","category-2-mannschaft-2018-19"],"publishpress_future_action":{"enabled":false,"date":"2026-05-03 18:57:05","action":"change-status","newStatus":"draft","terms":[],"taxonomy":"category","extraData":[]},"publishpress_future_workflow_manual_trigger":{"enabledWorkflows":[]},"_links":{"self":[{"href":"https:\/\/www.svdeckenpfronn.de\/index.php?rest_route=\/wp\/v2\/posts\/2573","targetHints":{"allow":["GET"]}}],"collection":[{"href":"https:\/\/www.svdeckenpfronn.de\/index.php?rest_route=\/wp\/v2\/posts"}],"about":[{"href":"https:\/\/www.svdeckenpfronn.de\/index.php?rest_route=\/wp\/v2\/types\/post"}],"author":[{"embeddable":true,"href":"https:\/\/www.svdeckenpfronn.de\/index.php?rest_route=\/wp\/v2\/users\/6"}],"replies":[{"embeddable":true,"href":"https:\/\/www.svdeckenpfronn.de\/index.php?rest_route=%2Fwp%2Fv2%2Fcomments&post=2573"}],"version-history":[{"count":3,"href":"https:\/\/www.svdeckenpfronn.de\/index.php?rest_route=\/wp\/v2\/posts\/2573\/revisions"}],"predecessor-version":[{"id":2661,"href":"https:\/\/www.svdeckenpfronn.de\/index.php?rest_route=\/wp\/v2\/posts\/2573\/revisions\/2661"}],"wp:attachment":[{"href":"https:\/\/www.svdeckenpfronn.de\/index.php?rest_route=%2Fwp%2Fv2%2Fmedia&parent=2573"}],"wp:term":[{"taxonomy":"category","embeddable":true,"href":"https:\/\/www.svdeckenpfronn.de\/index.php?rest_route=%2Fwp%2Fv2%2Fcategories&post=2573"},{"taxonomy":"post_tag","embeddable":true,"href":"https:\/\/www.svdeckenpfronn.de\/index.php?rest_route=%2Fwp%2Fv2%2Ftags&post=2573"}],"curies":[{"name":"wp","href":"https:\/\/api.w.org\/{rel}","templated":true}]}}