{"id":2577,"date":"2018-08-26T20:26:04","date_gmt":"2018-08-26T18:26:04","guid":{"rendered":"http:\/\/www.svdeckenpfronn.de\/?p=2577"},"modified":"2019-08-14T20:14:18","modified_gmt":"2019-08-14T18:14:18","slug":"spielbericht-26-8-18","status":"publish","type":"post","link":"https:\/\/www.svdeckenpfronn.de\/?p=2577","title":{"rendered":"Spielbericht 26.8.18"},"content":{"rendered":"<div class=\"HZU headline\">Spielbericht 1. Mannschaft<\/div>\n<div class=\"textbody\"><b>SGM FC Neuweiler\/ SV Oberkollbach &#8211; SV Deckenpfronn\u00a0\u00a0 2:2<\/b><\/div>\n<div class=\"textbody\">0:1\u00a0\u00a0 25. Min Marco L\u00fchmann<\/div>\n<div class=\"textbody\">1:1\u00a0\u00a0 40. Min<\/div>\n<div class=\"textbody\">2:1\u00a0\u00a0 43. Min<\/div>\n<div class=\"textbody\">2:2\u00a0\u00a0 65. Min Yannic Dengler<\/div>\n<div class=\"textbody\">Die 1. Mannschaft des SV Deckenpfronn spielte in ihrem ersten Punktspiel gegen die<\/div>\n<div class=\"textbody\">Spielgemeinschaft Neuweiler \/ Oberkollbach.<\/div>\n<div class=\"textbody\">Gegen eine extrem tief stehende Mannschaft fiel es der Mannschaft von Daniel Supper sehr schwer. In der 25. Min konnte Marco L\u00fchmann den SV Deckenpfronn in F\u00fcrhung bringen, aber durch Fehlern in den SVD Reihen konnte die Spielgemeinschaft die Partie innerhalb von wenigen Minuten drehen. Danach stellten sich Gastgeber noch mehr hinten rein und der SV Deckenpfronn musste praktisch gegen eine Wand spielen. Sch\u00f6n an zu schauen ist das f\u00fcr einen Fu\u00dfballfan sicher nicht.<\/div>\n<div class=\"textbody\">In der 65. Minute verwertete Yannic Dengler einen Eckball zum absolut verdienten Ausgleich.<\/div>\n<div class=\"textbody\">Mehr war f\u00fcr die 1. Mannschaft des SV Deckenpfronn an diesem Sonntag nicht drin.<\/div>\n","protected":false},"excerpt":{"rendered":"<p>Spielbericht 1. Mannschaft SGM FC Neuweiler\/ SV Oberkollbach &#8211; SV Deckenpfronn\u00a0\u00a0 2:2 0:1\u00a0\u00a0 25. Min Marco L\u00fchmann 1:1\u00a0\u00a0 40. Min 2:1\u00a0\u00a0 43. Min 2:2\u00a0\u00a0 65. Min Yannic Dengler Die 1. Mannschaft des SV Deckenpfronn spielte in ihrem ersten Punktspiel gegen die Spielgemeinschaft Neuweiler \/ Oberkollbach. Gegen eine extrem tief stehende Mannschaft fiel es der Mannschaft &#8230; <a title=\"Spielbericht 26.8.18\" class=\"read-more\" href=\"https:\/\/www.svdeckenpfronn.de\/?p=2577\" aria-label=\"Mehr Informationen \u00fcber Spielbericht 26.8.18\">Weiterlesen<\/a><\/p>\n","protected":false},"author":6,"featured_media":0,"comment_status":"closed","ping_status":"closed","sticky":false,"template":"","format":"standard","meta":{"footnotes":""},"categories":[47],"tags":[],"class_list":["post-2577","post","type-post","status-publish","format-standard","hentry","category-1-mannschaft-2018-19"],"publishpress_future_action":{"enabled":false,"date":"2026-05-03 17:25:24","action":"change-status","newStatus":"draft","terms":[],"taxonomy":"category","extraData":[]},"publishpress_future_workflow_manual_trigger":{"enabledWorkflows":[]},"_links":{"self":[{"href":"https:\/\/www.svdeckenpfronn.de\/index.php?rest_route=\/wp\/v2\/posts\/2577","targetHints":{"allow":["GET"]}}],"collection":[{"href":"https:\/\/www.svdeckenpfronn.de\/index.php?rest_route=\/wp\/v2\/posts"}],"about":[{"href":"https:\/\/www.svdeckenpfronn.de\/index.php?rest_route=\/wp\/v2\/types\/post"}],"author":[{"embeddable":true,"href":"https:\/\/www.svdeckenpfronn.de\/index.php?rest_route=\/wp\/v2\/users\/6"}],"replies":[{"embeddable":true,"href":"https:\/\/www.svdeckenpfronn.de\/index.php?rest_route=%2Fwp%2Fv2%2Fcomments&post=2577"}],"version-history":[{"count":2,"href":"https:\/\/www.svdeckenpfronn.de\/index.php?rest_route=\/wp\/v2\/posts\/2577\/revisions"}],"predecessor-version":[{"id":2579,"href":"https:\/\/www.svdeckenpfronn.de\/index.php?rest_route=\/wp\/v2\/posts\/2577\/revisions\/2579"}],"wp:attachment":[{"href":"https:\/\/www.svdeckenpfronn.de\/index.php?rest_route=%2Fwp%2Fv2%2Fmedia&parent=2577"}],"wp:term":[{"taxonomy":"category","embeddable":true,"href":"https:\/\/www.svdeckenpfronn.de\/index.php?rest_route=%2Fwp%2Fv2%2Fcategories&post=2577"},{"taxonomy":"post_tag","embeddable":true,"href":"https:\/\/www.svdeckenpfronn.de\/index.php?rest_route=%2Fwp%2Fv2%2Ftags&post=2577"}],"curies":[{"name":"wp","href":"https:\/\/api.w.org\/{rel}","templated":true}]}}