{"id":2626,"date":"2018-09-09T19:50:14","date_gmt":"2018-09-09T17:50:14","guid":{"rendered":"http:\/\/www.svdeckenpfronn.de\/?p=2626"},"modified":"2019-08-14T20:15:24","modified_gmt":"2019-08-14T18:15:24","slug":"spielebericht-9-9-2018","status":"publish","type":"post","link":"https:\/\/www.svdeckenpfronn.de\/?p=2626","title":{"rendered":"Spielebericht 9.9.2018"},"content":{"rendered":"<div class=\"HZU headline\">Spielbericht 2. Mannschaft<\/div>\n<div class=\"textbody\"><b>SV Oberjesingen &#8211; SV Deckenpfronn\u00a0\u00a0 1:0<\/b><\/div>\n<div class=\"textbody\">1:0\u00a0\u00a0 39. Min<\/div>\n<div class=\"textbody\">Die 2. Mannschaft des SV Deckenpfronn spielte letzten Sonntag gegen den Nachbarn in Oberjesingen.<\/div>\n<div class=\"textbody\">Die Mannschaft von Marc Baur war mit den Gastgebern ebenb\u00fcrtig.<\/div>\n<div class=\"textbody\">Leider verpasste der SVD es eine von mehreren guten M\u00f6glichkeiten zu nutzen.<\/div>\n<div class=\"textbody\">Durch einen Individuellen Fehler konnte der SV Oberjesingen das 1:0 erzielen. Auch nach dem R\u00fcckstand gab es M\u00f6glichkeiten den Treffer zum verdienten Ausgleich zu machen. Aber das Gl\u00fcck verlie\u00df die Deckenpfronner mehrmals.<\/div>\n<div class=\"textbody\">Marc Baur:&#8220; Ich kann der Mannschaft keinen Vorwurf machen, wir haben alles gegeben, aber wenn man die Chancen nicht nutzt wird man bestraft. Ich denke diese Nierderlage wird uns st\u00e4rker machen.&#8220;<\/div>\n<div class=\"textbody\">In der Tabelle steht die 2. Mannschaft des SV Deckenpfronn nach 3 Spielen mit 3 Punkten auf dem 11. Platz.<\/div>\n","protected":false},"excerpt":{"rendered":"<p>Spielbericht 2. Mannschaft SV Oberjesingen &#8211; SV Deckenpfronn\u00a0\u00a0 1:0 1:0\u00a0\u00a0 39. Min Die 2. Mannschaft des SV Deckenpfronn spielte letzten Sonntag gegen den Nachbarn in Oberjesingen. Die Mannschaft von Marc Baur war mit den Gastgebern ebenb\u00fcrtig. Leider verpasste der SVD es eine von mehreren guten M\u00f6glichkeiten zu nutzen. Durch einen Individuellen Fehler konnte der SV &#8230; <a title=\"Spielebericht 9.9.2018\" class=\"read-more\" href=\"https:\/\/www.svdeckenpfronn.de\/?p=2626\" aria-label=\"Mehr Informationen \u00fcber Spielebericht 9.9.2018\">Weiterlesen<\/a><\/p>\n","protected":false},"author":6,"featured_media":0,"comment_status":"closed","ping_status":"closed","sticky":false,"template":"","format":"standard","meta":{"footnotes":""},"categories":[48],"tags":[],"class_list":["post-2626","post","type-post","status-publish","format-standard","hentry","category-2-mannschaft-2018-19"],"publishpress_future_action":{"enabled":false,"date":"2026-05-03 14:07:04","action":"change-status","newStatus":"draft","terms":[],"taxonomy":"category","extraData":[]},"publishpress_future_workflow_manual_trigger":{"enabledWorkflows":[]},"_links":{"self":[{"href":"https:\/\/www.svdeckenpfronn.de\/index.php?rest_route=\/wp\/v2\/posts\/2626","targetHints":{"allow":["GET"]}}],"collection":[{"href":"https:\/\/www.svdeckenpfronn.de\/index.php?rest_route=\/wp\/v2\/posts"}],"about":[{"href":"https:\/\/www.svdeckenpfronn.de\/index.php?rest_route=\/wp\/v2\/types\/post"}],"author":[{"embeddable":true,"href":"https:\/\/www.svdeckenpfronn.de\/index.php?rest_route=\/wp\/v2\/users\/6"}],"replies":[{"embeddable":true,"href":"https:\/\/www.svdeckenpfronn.de\/index.php?rest_route=%2Fwp%2Fv2%2Fcomments&post=2626"}],"version-history":[{"count":2,"href":"https:\/\/www.svdeckenpfronn.de\/index.php?rest_route=\/wp\/v2\/posts\/2626\/revisions"}],"predecessor-version":[{"id":2628,"href":"https:\/\/www.svdeckenpfronn.de\/index.php?rest_route=\/wp\/v2\/posts\/2626\/revisions\/2628"}],"wp:attachment":[{"href":"https:\/\/www.svdeckenpfronn.de\/index.php?rest_route=%2Fwp%2Fv2%2Fmedia&parent=2626"}],"wp:term":[{"taxonomy":"category","embeddable":true,"href":"https:\/\/www.svdeckenpfronn.de\/index.php?rest_route=%2Fwp%2Fv2%2Fcategories&post=2626"},{"taxonomy":"post_tag","embeddable":true,"href":"https:\/\/www.svdeckenpfronn.de\/index.php?rest_route=%2Fwp%2Fv2%2Ftags&post=2626"}],"curies":[{"name":"wp","href":"https:\/\/api.w.org\/{rel}","templated":true}]}}