{"id":2629,"date":"2018-09-13T09:26:28","date_gmt":"2018-09-13T07:26:28","guid":{"rendered":"http:\/\/www.svdeckenpfronn.de\/?p=2629"},"modified":"2019-08-14T20:14:18","modified_gmt":"2019-08-14T18:14:18","slug":"spielbericht-1-mannschaft-pokalspiel","status":"publish","type":"post","link":"https:\/\/www.svdeckenpfronn.de\/?p=2629","title":{"rendered":"Spielbericht 1. Mannschaft Pokalspiel"},"content":{"rendered":"<div class=\"HZU headline\">Spielbericht 1. Mannschaft<\/div>\n<div class=\"textbody\">\n<p><b>Pokalspiel<\/b><\/p>\n<p><b>SV Deckenpfronn &#8211; TSV Waldenbuch\u00a0\u00a0 4:0<\/b><br \/>\n1:0\u00a0\u00a0\u00a0\u00a0 5. Min Marco L\u00fchmann<br \/>\n2:0\u00a0\u00a0 39. Min Daniel Kreudler<br \/>\n3:0\u00a0\u00a0 43. Min Timo Schwarz<br \/>\n4:0\u00a0\u00a0 79. Min Marian Ade<\/p>\n<p>Souver\u00e4n konnte die Mannschaft um Spielertrainer Daniel Supper und Co Spielertrainer<br \/>\nDustin Kappus die n\u00e4chste Runde des GYM &#8211; 24- Bezirkspokal erreichen.<br \/>\nSchon in der 5. Spielminute traf Marco L\u00fchmann f\u00fcr den SVD und erzielte die fr\u00fche F\u00fchrung.<br \/>\nDaniel Kreudler und Timo Schwarz erh\u00f6hten noch vor der Halbzeit auf 3:0 f\u00fcr den SV Deckenpfronn.<br \/>\nMarian Ade setzte in der 79. Min den Schlusspunkt mit dem 4:0 Treffer. Daniel Supper:&#8220; Das war ein guter Auftritt meiner Mannschaft. Durch fr\u00fches Pressing haben wir die Waldenbucher zu Fehlern gezwungen und hatten so aus dem Umschaltspiel einige Chancen welche dann auch zu unseren Toren gef\u00fchrt haben&#8220;!<br \/>\nDer Sieg geht auch in der H\u00f6he f\u00fcr den SV Deckenpfronn v\u00f6llig in Ordnung.<br \/>\nAm kommenden Sonntag steht der SVD gleich wieder dem TSV Waldenbuch gegen\u00fcber,<br \/>\nZu Hause im H&amp;B Fu\u00dfballzentrum.<br \/>\nSicher h\u00e4tte kein SVD Anh\u00e4nger was gegen eine Wiederholung des Ergebnisses.<\/p>\n<\/div>\n","protected":false},"excerpt":{"rendered":"<p>Spielbericht 1. Mannschaft Pokalspiel SV Deckenpfronn &#8211; TSV Waldenbuch\u00a0\u00a0 4:0 1:0\u00a0\u00a0\u00a0\u00a0 5. Min Marco L\u00fchmann 2:0\u00a0\u00a0 39. Min Daniel Kreudler 3:0\u00a0\u00a0 43. Min Timo Schwarz 4:0\u00a0\u00a0 79. Min Marian Ade Souver\u00e4n konnte die Mannschaft um Spielertrainer Daniel Supper und Co Spielertrainer Dustin Kappus die n\u00e4chste Runde des GYM &#8211; 24- Bezirkspokal erreichen. Schon in der &#8230; <a title=\"Spielbericht 1. Mannschaft Pokalspiel\" class=\"read-more\" href=\"https:\/\/www.svdeckenpfronn.de\/?p=2629\" aria-label=\"Mehr Informationen \u00fcber Spielbericht 1. Mannschaft Pokalspiel\">Weiterlesen<\/a><\/p>\n","protected":false},"author":6,"featured_media":0,"comment_status":"closed","ping_status":"closed","sticky":false,"template":"","format":"standard","meta":{"footnotes":""},"categories":[47],"tags":[],"class_list":["post-2629","post","type-post","status-publish","format-standard","hentry","category-1-mannschaft-2018-19"],"publishpress_future_action":{"enabled":false,"date":"2026-05-03 12:40:21","action":"change-status","newStatus":"draft","terms":[],"taxonomy":"category","extraData":[]},"publishpress_future_workflow_manual_trigger":{"enabledWorkflows":[]},"_links":{"self":[{"href":"https:\/\/www.svdeckenpfronn.de\/index.php?rest_route=\/wp\/v2\/posts\/2629","targetHints":{"allow":["GET"]}}],"collection":[{"href":"https:\/\/www.svdeckenpfronn.de\/index.php?rest_route=\/wp\/v2\/posts"}],"about":[{"href":"https:\/\/www.svdeckenpfronn.de\/index.php?rest_route=\/wp\/v2\/types\/post"}],"author":[{"embeddable":true,"href":"https:\/\/www.svdeckenpfronn.de\/index.php?rest_route=\/wp\/v2\/users\/6"}],"replies":[{"embeddable":true,"href":"https:\/\/www.svdeckenpfronn.de\/index.php?rest_route=%2Fwp%2Fv2%2Fcomments&post=2629"}],"version-history":[{"count":2,"href":"https:\/\/www.svdeckenpfronn.de\/index.php?rest_route=\/wp\/v2\/posts\/2629\/revisions"}],"predecessor-version":[{"id":2631,"href":"https:\/\/www.svdeckenpfronn.de\/index.php?rest_route=\/wp\/v2\/posts\/2629\/revisions\/2631"}],"wp:attachment":[{"href":"https:\/\/www.svdeckenpfronn.de\/index.php?rest_route=%2Fwp%2Fv2%2Fmedia&parent=2629"}],"wp:term":[{"taxonomy":"category","embeddable":true,"href":"https:\/\/www.svdeckenpfronn.de\/index.php?rest_route=%2Fwp%2Fv2%2Fcategories&post=2629"},{"taxonomy":"post_tag","embeddable":true,"href":"https:\/\/www.svdeckenpfronn.de\/index.php?rest_route=%2Fwp%2Fv2%2Ftags&post=2629"}],"curies":[{"name":"wp","href":"https:\/\/api.w.org\/{rel}","templated":true}]}}