{"id":2665,"date":"2018-09-16T18:28:52","date_gmt":"2018-09-16T16:28:52","guid":{"rendered":"http:\/\/www.svdeckenpfronn.de\/?p=2665"},"modified":"2019-08-14T20:17:08","modified_gmt":"2019-08-14T18:17:08","slug":"e1-jugend-qualispiel-am-15-09-08-gegen-gsv-maichingen-4","status":"publish","type":"post","link":"https:\/\/www.svdeckenpfronn.de\/?p=2665","title":{"rendered":"E1 Jugend: Qualispiel am 15.09.08 gegen GSV Maichingen 4"},"content":{"rendered":"<p>Nach der langen Sommerpause fingen die Jungs und M\u00e4dels der E1 Jugend mit einem Trainingslager an und kamen dabei ganz sch\u00f6n ins Schwitzen.<\/p>\n<p>Zum Abschlu\u00df des Trainingslager nahmen sie am Vorbereitungsturnier beim SV Hildrizhausen teil und versuchten das Gelernte gleich mal umzusetzen.<\/p>\n<p>Nach anf\u00e4nglichen Startschwierigkeiten wurde die Mannschaft immer st\u00e4rker sodass sie von insgesamt 6 Spielen, 4 Spiele gewinnen konnten. Ein Spiel verloren sie und ein Spiel ging unentschieden aus. Sie belegten einen hervorragenden 2. Platz.<\/p>\n<p>Somit waren sie f\u00fcr das erste Qualispiel am 15.09.08 gegen die GSV Maichingen 4 gut vorbereitet.<\/p>\n<p>Sie zeigten in den ersten Minuten sehr gute Spielz\u00fcge und Kombinationen, jedoch wollte der Ball einfach nicht hinter die gegnerische Torlinie gelangen. In der 7. Minute platzte dann der Knoten und der SVD ging mit einem Tor von Lenny in F\u00fchrung. Nach der ersten Halbzeit stand es dann 3:0 f\u00fcr den SVD, durch Tore von Finn und Leya.<\/p>\n<p>In der zweiten Halbzeit ging es souver\u00e4n weiter. Fast jeder eingesetzte Spieler schoss ein Tor f\u00fcr den SVD, sodass sie 11:1 gewannen.<\/p>\n<p>Das war eine tolle Leistung!<\/p>\n<p><strong>f\u00fcr den SVD haben gespielt:<\/strong> Luca,\u00a0 Nelly (1xTor), Dustin (1xTor), Leya (1xTor) , Finn (2xTor) , Noah, Pascal (1xTor), Lenny (4xTor) und Bekir (1xTor).<\/p>\n<p>&nbsp;<\/p>\n<p><strong>Vorschau: Am Samstag, den 22.09.2018, um 13.00 Uhr, bestreitet die E1 Jugend das erste Heimspiel gegen unseren Nachbarn, den SV Oberjesingen. \u00dcber zahltreiche Zuschauer w\u00fcrden sich die Jungs und M\u00e4dels freuen.<\/strong><\/p>\n","protected":false},"excerpt":{"rendered":"<p>Nach der langen Sommerpause fingen die Jungs und M\u00e4dels der E1 Jugend mit einem Trainingslager an und kamen dabei ganz sch\u00f6n ins Schwitzen. Zum Abschlu\u00df des Trainingslager nahmen sie am Vorbereitungsturnier beim SV Hildrizhausen teil und versuchten das Gelernte gleich mal umzusetzen. Nach anf\u00e4nglichen Startschwierigkeiten wurde die Mannschaft immer st\u00e4rker sodass sie von insgesamt 6 &#8230; <a title=\"E1 Jugend: Qualispiel am 15.09.08 gegen GSV Maichingen 4\" class=\"read-more\" href=\"https:\/\/www.svdeckenpfronn.de\/?p=2665\" aria-label=\"Mehr Informationen \u00fcber E1 Jugend: Qualispiel am 15.09.08 gegen GSV Maichingen 4\">Weiterlesen<\/a><\/p>\n","protected":false},"author":2,"featured_media":0,"comment_status":"closed","ping_status":"closed","sticky":false,"template":"","format":"standard","meta":{"footnotes":""},"categories":[53],"tags":[],"class_list":["post-2665","post","type-post","status-publish","format-standard","hentry","category-e1-jugend-saison-2018-19"],"publishpress_future_action":{"enabled":false,"date":"2026-05-03 09:34:14","action":"change-status","newStatus":"draft","terms":[],"taxonomy":"category","extraData":[]},"publishpress_future_workflow_manual_trigger":{"enabledWorkflows":[]},"_links":{"self":[{"href":"https:\/\/www.svdeckenpfronn.de\/index.php?rest_route=\/wp\/v2\/posts\/2665","targetHints":{"allow":["GET"]}}],"collection":[{"href":"https:\/\/www.svdeckenpfronn.de\/index.php?rest_route=\/wp\/v2\/posts"}],"about":[{"href":"https:\/\/www.svdeckenpfronn.de\/index.php?rest_route=\/wp\/v2\/types\/post"}],"author":[{"embeddable":true,"href":"https:\/\/www.svdeckenpfronn.de\/index.php?rest_route=\/wp\/v2\/users\/2"}],"replies":[{"embeddable":true,"href":"https:\/\/www.svdeckenpfronn.de\/index.php?rest_route=%2Fwp%2Fv2%2Fcomments&post=2665"}],"version-history":[{"count":1,"href":"https:\/\/www.svdeckenpfronn.de\/index.php?rest_route=\/wp\/v2\/posts\/2665\/revisions"}],"predecessor-version":[{"id":2666,"href":"https:\/\/www.svdeckenpfronn.de\/index.php?rest_route=\/wp\/v2\/posts\/2665\/revisions\/2666"}],"wp:attachment":[{"href":"https:\/\/www.svdeckenpfronn.de\/index.php?rest_route=%2Fwp%2Fv2%2Fmedia&parent=2665"}],"wp:term":[{"taxonomy":"category","embeddable":true,"href":"https:\/\/www.svdeckenpfronn.de\/index.php?rest_route=%2Fwp%2Fv2%2Fcategories&post=2665"},{"taxonomy":"post_tag","embeddable":true,"href":"https:\/\/www.svdeckenpfronn.de\/index.php?rest_route=%2Fwp%2Fv2%2Ftags&post=2665"}],"curies":[{"name":"wp","href":"https:\/\/api.w.org\/{rel}","templated":true}]}}