{"id":2668,"date":"2018-09-17T12:42:02","date_gmt":"2018-09-17T10:42:02","guid":{"rendered":"http:\/\/www.svdeckenpfronn.de\/?p=2668"},"modified":"2019-08-14T20:06:22","modified_gmt":"2019-08-14T18:06:22","slug":"e2-e3-spielbericht-vom-15-16-09","status":"publish","type":"post","link":"https:\/\/www.svdeckenpfronn.de\/?p=2668","title":{"rendered":"E2\/E3-Spielbericht vom 14\/15.09"},"content":{"rendered":"<p>Die ersten beide Spiele in der E-Jugend verliefen sehr Unterschiedlich. Am Freitag spielten wir mit der E3 in Unterjettingen. Hier trafen wir auf den gleichen Jahrgang (2009) und konnten uns klar mit einem 5:1 durchsetzen.<span class=\"Apple-converted-space\">\u00a0 <\/span>Tore f\u00fcr Deckenpfronn: Leandro (2), Emil, Moritz (3)<\/p>\n<p><strong>F\u00fcr Deckenpfronn spielten:<\/strong> Pablo, Romy, Lucas, Leandro, Yannik, Finjas, Emil, Mariella, Hennrike Moritz und Ege<\/p>\n<p>Beim E2 Spiel am Samstag trafen wir auf Rohrau I die mit dem Jahrgang (2008) spielten. Hier konnten wir in der ersten Spielh\u00e4lfte noch gut mithalten und lagen zur Halbzeit nur 2:4 zur\u00fcck. In der zweiten H\u00e4lfte schwanden dann unsere Kr\u00e4fte und wir verloren noch 3:10. Tore f\u00fcr Deckenpfronn: Lucas, Emil (2)<\/p>\n<p><strong>F\u00fcr Deckenpfronn spielten:<\/strong> Quentin, Romy, Lucas, Moritz, Leandro, Nico, Emil, Levin, Malin, Yannik und Finjas<\/p>\n<p>Wir Trainer sind dennoch mit der Leistung beider Teams sehr zufrieden &#8211; macht weiter so&#8230;<\/p>\n","protected":false},"excerpt":{"rendered":"<p>Die ersten beide Spiele in der E-Jugend verliefen sehr Unterschiedlich. Am Freitag spielten wir mit der E3 in Unterjettingen. Hier trafen wir auf den gleichen Jahrgang (2009) und konnten uns klar mit einem 5:1 durchsetzen.\u00a0 Tore f\u00fcr Deckenpfronn: Leandro (2), Emil, Moritz (3) F\u00fcr Deckenpfronn spielten: Pablo, Romy, Lucas, Leandro, Yannik, Finjas, Emil, Mariella, Hennrike &#8230; <a title=\"E2\/E3-Spielbericht vom 14\/15.09\" class=\"read-more\" href=\"https:\/\/www.svdeckenpfronn.de\/?p=2668\" aria-label=\"Mehr Informationen \u00fcber E2\/E3-Spielbericht vom 14\/15.09\">Weiterlesen<\/a><\/p>\n","protected":false},"author":3,"featured_media":2680,"comment_status":"closed","ping_status":"closed","sticky":false,"template":"","format":"standard","meta":{"footnotes":""},"categories":[52],"tags":[],"class_list":["post-2668","post","type-post","status-publish","format-standard","has-post-thumbnail","hentry","category-e2-und-e3-jugend-saison-2018-19"],"publishpress_future_action":{"enabled":false,"date":"2026-05-03 07:52:59","action":"change-status","newStatus":"draft","terms":[],"taxonomy":"category","extraData":[]},"publishpress_future_workflow_manual_trigger":{"enabledWorkflows":[]},"_links":{"self":[{"href":"https:\/\/www.svdeckenpfronn.de\/index.php?rest_route=\/wp\/v2\/posts\/2668","targetHints":{"allow":["GET"]}}],"collection":[{"href":"https:\/\/www.svdeckenpfronn.de\/index.php?rest_route=\/wp\/v2\/posts"}],"about":[{"href":"https:\/\/www.svdeckenpfronn.de\/index.php?rest_route=\/wp\/v2\/types\/post"}],"author":[{"embeddable":true,"href":"https:\/\/www.svdeckenpfronn.de\/index.php?rest_route=\/wp\/v2\/users\/3"}],"replies":[{"embeddable":true,"href":"https:\/\/www.svdeckenpfronn.de\/index.php?rest_route=%2Fwp%2Fv2%2Fcomments&post=2668"}],"version-history":[{"count":7,"href":"https:\/\/www.svdeckenpfronn.de\/index.php?rest_route=\/wp\/v2\/posts\/2668\/revisions"}],"predecessor-version":[{"id":2682,"href":"https:\/\/www.svdeckenpfronn.de\/index.php?rest_route=\/wp\/v2\/posts\/2668\/revisions\/2682"}],"wp:featuredmedia":[{"embeddable":true,"href":"https:\/\/www.svdeckenpfronn.de\/index.php?rest_route=\/wp\/v2\/media\/2680"}],"wp:attachment":[{"href":"https:\/\/www.svdeckenpfronn.de\/index.php?rest_route=%2Fwp%2Fv2%2Fmedia&parent=2668"}],"wp:term":[{"taxonomy":"category","embeddable":true,"href":"https:\/\/www.svdeckenpfronn.de\/index.php?rest_route=%2Fwp%2Fv2%2Fcategories&post=2668"},{"taxonomy":"post_tag","embeddable":true,"href":"https:\/\/www.svdeckenpfronn.de\/index.php?rest_route=%2Fwp%2Fv2%2Ftags&post=2668"}],"curies":[{"name":"wp","href":"https:\/\/api.w.org\/{rel}","templated":true}]}}