{"id":2683,"date":"2018-09-23T18:33:51","date_gmt":"2018-09-23T16:33:51","guid":{"rendered":"http:\/\/www.svdeckenpfronn.de\/?p=2683"},"modified":"2019-08-14T20:15:24","modified_gmt":"2019-08-14T18:15:24","slug":"spielbericht-23-9-2018","status":"publish","type":"post","link":"https:\/\/www.svdeckenpfronn.de\/?p=2683","title":{"rendered":"Spielbericht 23.9.2018"},"content":{"rendered":"<div class=\"HZU headline\">Spielbericht 2. Mannschaft<\/div>\n<div class=\"textbody\"><b>TV Darmsheim &#8211; SV Deckenpfronn\u00a0\u00a0\u00a0\u00a0 7:0<\/b><\/div>\n<div class=\"textbody\">1:0\u00a0\u00a0\u00a0 12. Min<\/div>\n<div class=\"textbody\">2:0\u00a0\u00a0\u00a0 34. Min<\/div>\n<div class=\"textbody\">3:0\u00a0\u00a0\u00a0 48. Min<\/div>\n<div class=\"textbody\">4:0\u00a0\u00a0\u00a0 55. Min<\/div>\n<div class=\"textbody\">5:0\u00a0\u00a0\u00a0 71. Min<\/div>\n<div class=\"textbody\">6:0\u00a0\u00a0\u00a0 80. Min<\/div>\n<div class=\"textbody\">7:0\u00a0\u00a0\u00a0 89. Min<\/div>\n<div class=\"textbody\">Eine herbe Klatsche hat die 2. Mannschaft des SV Deckenpfronn am vergangenen Sonntag gegen den TV Darmsheim einstecken m\u00fcssen.<\/div>\n<div class=\"textbody\">Nach dem 3:0 R\u00fcckstand hat sich die Mannschaft von Marc Baur aufgegeben.<\/div>\n<div class=\"textbody\">Nach der Partie fand der Trainer deutliche Worte:&#8220; Der Gegner war uns in allen Belangen \u00fcberlegen. Jetzt gilt es die K\u00f6pfe hoch zu nehmen und frei zu bekommen, n\u00e4chste Woche gegen Kayh erwarte ich eine deutliche Reaktion&#8220;!<\/div>\n","protected":false},"excerpt":{"rendered":"<p>Spielbericht 2. Mannschaft TV Darmsheim &#8211; SV Deckenpfronn\u00a0\u00a0\u00a0\u00a0 7:0 1:0\u00a0\u00a0\u00a0 12. Min 2:0\u00a0\u00a0\u00a0 34. Min 3:0\u00a0\u00a0\u00a0 48. Min 4:0\u00a0\u00a0\u00a0 55. Min 5:0\u00a0\u00a0\u00a0 71. Min 6:0\u00a0\u00a0\u00a0 80. Min 7:0\u00a0\u00a0\u00a0 89. Min Eine herbe Klatsche hat die 2. Mannschaft des SV Deckenpfronn am vergangenen Sonntag gegen den TV Darmsheim einstecken m\u00fcssen. Nach dem 3:0 R\u00fcckstand hat sich &#8230; <a title=\"Spielbericht 23.9.2018\" class=\"read-more\" href=\"https:\/\/www.svdeckenpfronn.de\/?p=2683\" aria-label=\"Mehr Informationen \u00fcber Spielbericht 23.9.2018\">Weiterlesen<\/a><\/p>\n","protected":false},"author":6,"featured_media":0,"comment_status":"closed","ping_status":"closed","sticky":false,"template":"","format":"standard","meta":{"footnotes":""},"categories":[48],"tags":[],"class_list":["post-2683","post","type-post","status-publish","format-standard","hentry","category-2-mannschaft-2018-19"],"publishpress_future_action":{"enabled":false,"date":"2026-05-03 09:43:26","action":"change-status","newStatus":"draft","terms":[],"taxonomy":"category","extraData":[]},"publishpress_future_workflow_manual_trigger":{"enabledWorkflows":[]},"_links":{"self":[{"href":"https:\/\/www.svdeckenpfronn.de\/index.php?rest_route=\/wp\/v2\/posts\/2683","targetHints":{"allow":["GET"]}}],"collection":[{"href":"https:\/\/www.svdeckenpfronn.de\/index.php?rest_route=\/wp\/v2\/posts"}],"about":[{"href":"https:\/\/www.svdeckenpfronn.de\/index.php?rest_route=\/wp\/v2\/types\/post"}],"author":[{"embeddable":true,"href":"https:\/\/www.svdeckenpfronn.de\/index.php?rest_route=\/wp\/v2\/users\/6"}],"replies":[{"embeddable":true,"href":"https:\/\/www.svdeckenpfronn.de\/index.php?rest_route=%2Fwp%2Fv2%2Fcomments&post=2683"}],"version-history":[{"count":2,"href":"https:\/\/www.svdeckenpfronn.de\/index.php?rest_route=\/wp\/v2\/posts\/2683\/revisions"}],"predecessor-version":[{"id":2685,"href":"https:\/\/www.svdeckenpfronn.de\/index.php?rest_route=\/wp\/v2\/posts\/2683\/revisions\/2685"}],"wp:attachment":[{"href":"https:\/\/www.svdeckenpfronn.de\/index.php?rest_route=%2Fwp%2Fv2%2Fmedia&parent=2683"}],"wp:term":[{"taxonomy":"category","embeddable":true,"href":"https:\/\/www.svdeckenpfronn.de\/index.php?rest_route=%2Fwp%2Fv2%2Fcategories&post=2683"},{"taxonomy":"post_tag","embeddable":true,"href":"https:\/\/www.svdeckenpfronn.de\/index.php?rest_route=%2Fwp%2Fv2%2Ftags&post=2683"}],"curies":[{"name":"wp","href":"https:\/\/api.w.org\/{rel}","templated":true}]}}