{"id":2688,"date":"2018-09-24T10:24:52","date_gmt":"2018-09-24T08:24:52","guid":{"rendered":"http:\/\/www.svdeckenpfronn.de\/?p=2688"},"modified":"2019-08-14T20:17:08","modified_gmt":"2019-08-14T18:17:08","slug":"e1-spielbericht-svd-svo","status":"publish","type":"post","link":"https:\/\/www.svdeckenpfronn.de\/?p=2688","title":{"rendered":"E1 Spielbericht SVD &#8211; SVO"},"content":{"rendered":"<p>Am 22.09.2018 empfing unsere E1-Jugend unseren Nachbarn den SV Oberjesingen. Nach Anpfiff checkten unsere Spieler erst mal die Lage und schlugen dann in der 6.Minute durch ein Treffer von Finn zu. Im Minutentakt trafen Pascal, Lenny und Dustin das Tor und wir gingen mit 4:0 in F\u00fchrung. In der 16. Minute erzielte der SV Oberjesingen durch einen Foulelfmeter den Anschlusstreffer.<\/p>\n<p>Danach drehten die Ungs und und M\u00e4dels des SVD so richtig auf und es konnten f\u00fcnf weitere Tore durch Lenny, Finn, Nelly, Moritz und Dustin erzielt werden.<\/p>\n<p>In der zweiten Halbzeit ging es gerade so weiter. Nelly, Finn, Lenny und Bekir netzten\u00a0 vorbildhaft ins gegnerische Tor ein, so dass es nach dem Schlusspfiff 16:1 f\u00fcr den SVD stand.<\/p>\n<p>Fazit des Trainers Steffen Riesinger &#8222;Die Spieler zeigten eine Top Leistung mit Teamgeist und tollen Kombinationen&#8220;. Macht weiter so.<\/p>\n<p><strong>f\u00fcr den SVD haben gespielt:<\/strong> Luca, Nelly (4x), Leya, Dustin (2x), Finn (3x), Lenny (4x), Pascal (1x), Noah, Bekir (1x) und Moritz (1x).<\/p>\n<p><strong>Vorschau: Am kommenden Samstag den 29.09.18, um 13.00 Uhr findet das n\u00e4chste Qualispiel in Altdorf statt. \u00dcber zahlreiche Zuschauer w\u00fcrde sich die Mannschaft freuen.<\/strong><\/p>\n","protected":false},"excerpt":{"rendered":"<p>Am 22.09.2018 empfing unsere E1-Jugend unseren Nachbarn den SV Oberjesingen. Nach Anpfiff checkten unsere Spieler erst mal die Lage und schlugen dann in der 6.Minute durch ein Treffer von Finn zu. Im Minutentakt trafen Pascal, Lenny und Dustin das Tor und wir gingen mit 4:0 in F\u00fchrung. In der 16. Minute erzielte der SV Oberjesingen &#8230; <a title=\"E1 Spielbericht SVD &#8211; SVO\" class=\"read-more\" href=\"https:\/\/www.svdeckenpfronn.de\/?p=2688\" aria-label=\"Mehr Informationen \u00fcber E1 Spielbericht SVD &#8211; SVO\">Weiterlesen<\/a><\/p>\n","protected":false},"author":2,"featured_media":0,"comment_status":"closed","ping_status":"closed","sticky":false,"template":"","format":"standard","meta":{"footnotes":""},"categories":[53],"tags":[],"class_list":["post-2688","post","type-post","status-publish","format-standard","hentry","category-e1-jugend-saison-2018-19"],"publishpress_future_action":{"enabled":false,"date":"2026-05-03 11:34:22","action":"change-status","newStatus":"draft","terms":[],"taxonomy":"category","extraData":[]},"publishpress_future_workflow_manual_trigger":{"enabledWorkflows":[]},"_links":{"self":[{"href":"https:\/\/www.svdeckenpfronn.de\/index.php?rest_route=\/wp\/v2\/posts\/2688","targetHints":{"allow":["GET"]}}],"collection":[{"href":"https:\/\/www.svdeckenpfronn.de\/index.php?rest_route=\/wp\/v2\/posts"}],"about":[{"href":"https:\/\/www.svdeckenpfronn.de\/index.php?rest_route=\/wp\/v2\/types\/post"}],"author":[{"embeddable":true,"href":"https:\/\/www.svdeckenpfronn.de\/index.php?rest_route=\/wp\/v2\/users\/2"}],"replies":[{"embeddable":true,"href":"https:\/\/www.svdeckenpfronn.de\/index.php?rest_route=%2Fwp%2Fv2%2Fcomments&post=2688"}],"version-history":[{"count":4,"href":"https:\/\/www.svdeckenpfronn.de\/index.php?rest_route=\/wp\/v2\/posts\/2688\/revisions"}],"predecessor-version":[{"id":2692,"href":"https:\/\/www.svdeckenpfronn.de\/index.php?rest_route=\/wp\/v2\/posts\/2688\/revisions\/2692"}],"wp:attachment":[{"href":"https:\/\/www.svdeckenpfronn.de\/index.php?rest_route=%2Fwp%2Fv2%2Fmedia&parent=2688"}],"wp:term":[{"taxonomy":"category","embeddable":true,"href":"https:\/\/www.svdeckenpfronn.de\/index.php?rest_route=%2Fwp%2Fv2%2Fcategories&post=2688"},{"taxonomy":"post_tag","embeddable":true,"href":"https:\/\/www.svdeckenpfronn.de\/index.php?rest_route=%2Fwp%2Fv2%2Ftags&post=2688"}],"curies":[{"name":"wp","href":"https:\/\/api.w.org\/{rel}","templated":true}]}}