{"id":2696,"date":"2018-09-30T13:53:08","date_gmt":"2018-09-30T11:53:08","guid":{"rendered":"http:\/\/www.svdeckenpfronn.de\/?p=2696"},"modified":"2019-08-14T20:17:08","modified_gmt":"2019-08-14T18:17:08","slug":"e1-jugend-tv-altdorf-svd","status":"publish","type":"post","link":"https:\/\/www.svdeckenpfronn.de\/?p=2696","title":{"rendered":"E1-Jugend TV Altdorf &#8211; SVD"},"content":{"rendered":"<p>Dritter Sieg in Folge!<\/p>\n<p>Am Samstag waren wir zu Gast beim TV Altdorf. Nach Anpfiff ging es dann auch gleich zur Sache. In den ersten 11. Minuten legte Finn einen lupenreinen Hattrick hin. Danach konnte der Gegner noch in der ersten Spielzeit, durch Missverst\u00e4ndnisse seitens des SVD, den Anschlusstreffer erzielen, so dass es zur Pause 1:3 stand.<\/p>\n<p>Unsere Spieler lie\u00dfen sich in der zweiten Spielh\u00e4lfte jedoch nicht aus der Ruhe bringen und spielten souver\u00e4n weiter. Pascal lief in der 30. Minute nach Vorlage von Lenny alleine auf den Torwart zu und netzte zum 1:4 ein. Die F\u00fchrung konnte in der 42. und 50 Minute durch Tore von Lenny und Bekir ausgebaut werden, sodass es nach dem Abpfiff 1:6 f\u00fcr den SVD stand.<\/p>\n<p>Auch unsere Defensive Nelly, Leya, Noah und Dustin standen w\u00e4hrend des Spiels wie eine Bank und der Gegner hatte wenig Chancen zum Abschluss zu kommen. Gelang es dennoch einmal, parierte unser Towart Luca hervorragend. Ein gro\u00dfes Lob an alle Spieler.<\/p>\n<p><strong>f\u00fcr den SVD haben gespielt:<\/strong> Luca, Nelly, Leya, Noah, Dustin, Finn, Pascal, Lenny und Bekir.<\/p>\n<p><span style=\"text-decoration: underline\"><span style=\"color: #000080;text-decoration: underline\"><strong>Vorschau: Am Samstag, den 06.10.18 empf\u00e4ngt die E1-Jugend den TSV Grafenau I . Spielbeginn ist um 13.00 Uhr. \u00dcber zahlreiche Unterst\u00fctzung w\u00fcrden sich die Jungs und M\u00e4dels freuen. F\u00fcr Essen und Getr\u00e4nke ist wie immer gesorgt.<\/strong><\/span><\/span><\/p>\n<p>&nbsp;<\/p>\n","protected":false},"excerpt":{"rendered":"<p>Dritter Sieg in Folge! Am Samstag waren wir zu Gast beim TV Altdorf. Nach Anpfiff ging es dann auch gleich zur Sache. In den ersten 11. Minuten legte Finn einen lupenreinen Hattrick hin. Danach konnte der Gegner noch in der ersten Spielzeit, durch Missverst\u00e4ndnisse seitens des SVD, den Anschlusstreffer erzielen, so dass es zur Pause &#8230; <a title=\"E1-Jugend TV Altdorf &#8211; SVD\" class=\"read-more\" href=\"https:\/\/www.svdeckenpfronn.de\/?p=2696\" aria-label=\"Mehr Informationen \u00fcber E1-Jugend TV Altdorf &#8211; SVD\">Weiterlesen<\/a><\/p>\n","protected":false},"author":2,"featured_media":0,"comment_status":"closed","ping_status":"closed","sticky":false,"template":"","format":"standard","meta":{"footnotes":""},"categories":[53],"tags":[],"class_list":["post-2696","post","type-post","status-publish","format-standard","hentry","category-e1-jugend-saison-2018-19"],"publishpress_future_action":{"enabled":false,"date":"2026-05-03 12:51:39","action":"change-status","newStatus":"draft","terms":[],"taxonomy":"category","extraData":[]},"publishpress_future_workflow_manual_trigger":{"enabledWorkflows":[]},"_links":{"self":[{"href":"https:\/\/www.svdeckenpfronn.de\/index.php?rest_route=\/wp\/v2\/posts\/2696","targetHints":{"allow":["GET"]}}],"collection":[{"href":"https:\/\/www.svdeckenpfronn.de\/index.php?rest_route=\/wp\/v2\/posts"}],"about":[{"href":"https:\/\/www.svdeckenpfronn.de\/index.php?rest_route=\/wp\/v2\/types\/post"}],"author":[{"embeddable":true,"href":"https:\/\/www.svdeckenpfronn.de\/index.php?rest_route=\/wp\/v2\/users\/2"}],"replies":[{"embeddable":true,"href":"https:\/\/www.svdeckenpfronn.de\/index.php?rest_route=%2Fwp%2Fv2%2Fcomments&post=2696"}],"version-history":[{"count":3,"href":"https:\/\/www.svdeckenpfronn.de\/index.php?rest_route=\/wp\/v2\/posts\/2696\/revisions"}],"predecessor-version":[{"id":2699,"href":"https:\/\/www.svdeckenpfronn.de\/index.php?rest_route=\/wp\/v2\/posts\/2696\/revisions\/2699"}],"wp:attachment":[{"href":"https:\/\/www.svdeckenpfronn.de\/index.php?rest_route=%2Fwp%2Fv2%2Fmedia&parent=2696"}],"wp:term":[{"taxonomy":"category","embeddable":true,"href":"https:\/\/www.svdeckenpfronn.de\/index.php?rest_route=%2Fwp%2Fv2%2Fcategories&post=2696"},{"taxonomy":"post_tag","embeddable":true,"href":"https:\/\/www.svdeckenpfronn.de\/index.php?rest_route=%2Fwp%2Fv2%2Ftags&post=2696"}],"curies":[{"name":"wp","href":"https:\/\/api.w.org\/{rel}","templated":true}]}}