{"id":2747,"date":"2018-10-14T13:07:16","date_gmt":"2018-10-14T11:07:16","guid":{"rendered":"http:\/\/www.svdeckenpfronn.de\/?p=2747"},"modified":"2019-08-14T20:17:08","modified_gmt":"2019-08-14T18:17:08","slug":"e1-jugend-spielbericht-vom-13-10-18-gegen-den-sv-boeblingen","status":"publish","type":"post","link":"https:\/\/www.svdeckenpfronn.de\/?p=2747","title":{"rendered":"E1 Jugend Spielbericht vom 13.10.18 gegen den SV B\u00f6blingen"},"content":{"rendered":"<p><strong>E1 Jugend<\/strong><\/p>\n<p><strong>SV B\u00f6blingen IV &#8211; SV Deckenpfronn<\/strong><\/p>\n<p>Am Samstag, den 13.10.18 fand das letzte Quali-Spiel der E1 Jugend beim SV B\u00f6blingen IV statt. Unsere Spieler waren von der ersten Minute an voll konzentriert und zeigten eine Top Leistung. Dies wurde in der vierten Minute durch ein Tor von Lenny belohnt. In der 14. Minute konnte der SVD seinen Vorsprung durch ein weiteres Tor von Lenny auf 0:2 erh\u00f6hen.<\/p>\n<p>Nach der Halbzeit ging es souver\u00e4n weiter, so dass der Gegner so gut wie nie zum Zug kam. In der 34.\u00a0 Minute wurde die F\u00fchrung durch ein Tor von Dustin auf 0:3 ausgebaut. Gleich drei Minuten sp\u00e4ter bekam der SVD einen Freisto\u00df. Finn nutzte die Chance und traf zum 0:4. In der 43. Minute musste unser Torwart Luca sein K\u00f6nnen zeigen. Nach einem Foul im Strafraum entschied der Schiedsrichter auf Strafsto\u00df. Diesen parierte Luca souver\u00e4n. 8 Minuten sp\u00e4ter schlug Lenny nochmals zu und brachte das Leder hinter die gegnerische Torlinie zum 0:5. Zum Schlu\u00df konnte der SV B\u00f6blingen noch einen Anschlu\u00dftreffer zum 1:5 Endstand erzielen.<\/p>\n<p>Die E1-Jugend-Spieler haben in der Qulirunde insgesamt 4 Siege und 1 Unentschieden gespielt und somit einen hervorragenden und verdienten 1. Platz belegt.<\/p>\n<p>gespielt haben: Luca, Lenny, Noah, Finn, Nelly, Bekir, Leya, Pascal und Dustin.<\/p>\n<p><strong>Auf diesem Weg m\u00f6chten sich die Mannschaft sowie das Trainerteam bei den Eltern, Freunde und Fans ganz herzlich f\u00fcr die Unterst\u00fctzung am Spielfeldrand, f\u00fcr das Grillen, f\u00fcr den Getr\u00e4nkeverkauf, das Waschen der Trikots und die Fahrdienste bedanken. <\/strong><\/p>\n<p><em><strong>Vorschau: Nun geht am\u00a0 10.11.2018 in der Halle weiter. In Ebhausen findet ab 14.00 Uhr das erste WfV Hallenturnier statt. Auch hier w\u00fcrden sich die Spieler um zahlreiche Unterst\u00fctzung freuen.<\/strong><\/em><\/p>\n","protected":false},"excerpt":{"rendered":"<p>E1 Jugend SV B\u00f6blingen IV &#8211; SV Deckenpfronn Am Samstag, den 13.10.18 fand das letzte Quali-Spiel der E1 Jugend beim SV B\u00f6blingen IV statt. Unsere Spieler waren von der ersten Minute an voll konzentriert und zeigten eine Top Leistung. Dies wurde in der vierten Minute durch ein Tor von Lenny belohnt. In der 14. Minute &#8230; <a title=\"E1 Jugend Spielbericht vom 13.10.18 gegen den SV B\u00f6blingen\" class=\"read-more\" href=\"https:\/\/www.svdeckenpfronn.de\/?p=2747\" aria-label=\"Mehr Informationen \u00fcber E1 Jugend Spielbericht vom 13.10.18 gegen den SV B\u00f6blingen\">Weiterlesen<\/a><\/p>\n","protected":false},"author":2,"featured_media":0,"comment_status":"closed","ping_status":"closed","sticky":false,"template":"","format":"standard","meta":{"footnotes":""},"categories":[53],"tags":[],"class_list":["post-2747","post","type-post","status-publish","format-standard","hentry","category-e1-jugend-saison-2018-19"],"publishpress_future_action":{"enabled":false,"date":"2026-05-03 08:04:12","action":"change-status","newStatus":"draft","terms":[],"taxonomy":"category","extraData":[]},"publishpress_future_workflow_manual_trigger":{"enabledWorkflows":[]},"_links":{"self":[{"href":"https:\/\/www.svdeckenpfronn.de\/index.php?rest_route=\/wp\/v2\/posts\/2747","targetHints":{"allow":["GET"]}}],"collection":[{"href":"https:\/\/www.svdeckenpfronn.de\/index.php?rest_route=\/wp\/v2\/posts"}],"about":[{"href":"https:\/\/www.svdeckenpfronn.de\/index.php?rest_route=\/wp\/v2\/types\/post"}],"author":[{"embeddable":true,"href":"https:\/\/www.svdeckenpfronn.de\/index.php?rest_route=\/wp\/v2\/users\/2"}],"replies":[{"embeddable":true,"href":"https:\/\/www.svdeckenpfronn.de\/index.php?rest_route=%2Fwp%2Fv2%2Fcomments&post=2747"}],"version-history":[{"count":3,"href":"https:\/\/www.svdeckenpfronn.de\/index.php?rest_route=\/wp\/v2\/posts\/2747\/revisions"}],"predecessor-version":[{"id":2750,"href":"https:\/\/www.svdeckenpfronn.de\/index.php?rest_route=\/wp\/v2\/posts\/2747\/revisions\/2750"}],"wp:attachment":[{"href":"https:\/\/www.svdeckenpfronn.de\/index.php?rest_route=%2Fwp%2Fv2%2Fmedia&parent=2747"}],"wp:term":[{"taxonomy":"category","embeddable":true,"href":"https:\/\/www.svdeckenpfronn.de\/index.php?rest_route=%2Fwp%2Fv2%2Fcategories&post=2747"},{"taxonomy":"post_tag","embeddable":true,"href":"https:\/\/www.svdeckenpfronn.de\/index.php?rest_route=%2Fwp%2Fv2%2Ftags&post=2747"}],"curies":[{"name":"wp","href":"https:\/\/api.w.org\/{rel}","templated":true}]}}