{"id":2782,"date":"2018-10-22T10:41:34","date_gmt":"2018-10-22T08:41:34","guid":{"rendered":"http:\/\/www.svdeckenpfronn.de\/?p=2782"},"modified":"2019-08-14T20:14:17","modified_gmt":"2019-08-14T18:14:17","slug":"spielbericht-20-10-2018-2","status":"publish","type":"post","link":"https:\/\/www.svdeckenpfronn.de\/?p=2782","title":{"rendered":"Spielbericht 20.10.2018"},"content":{"rendered":"<div class=\"HZU headline\">Spielbericht 1. Mannschaft<\/div>\n<div class=\"textbody\"><b>SV Deckenpfronn &#8211; SV Nufringen\u00a0 1:2<\/b><br \/>\n1:0\u00a0\u00a0 29. Marvin Kreudler<br \/>\n1:1\u00a0\u00a0 30. Min Eigentor<br \/>\n1:2\u00a0\u00a0 45. MinDer SV Deckenpfronn spielte letzten Samstag im H&amp;B Fu\u00dfballzentrum gegen den SV Nufringen. Personell stark geschw\u00e4cht musste Daniel Supper seine Mannschaft in das Nachbarduell schicken.<br \/>\nGegen sehr tief stehende Nufringer war es extrem schwer zu spielen. In der 29. Minute konnte Marvin Kreudler den SV Deckenpfronn in F\u00fchrung bringen, aber direkt nach dem Wiederanpfiff glichen die G\u00e4ste durch ein Eigentor aus. In der Nachspielzeit der 1. Halbzeit bekam der SV Nufringen einen Freisto\u00df den sie zur 1:2 F\u00fchrung verwandeln konnten. In der\u00a0 2. Halbzeit stellten sich die G\u00e4ste hinten rein und dem SV Deckenpfronn gelang es nicht den verdienten Ausgleichstreffer zu erzielen.<br \/>\nDaniel Supper:&#8220; Haben in der 1. Halbzeit nicht so Fu\u00dfball gespielt wie ich mir das vorstelle, vor allem im letzten Angriffsdrittel.<br \/>\nWar aber auch extrem schwer gegen einen so tief stehenden Gegner. In der 2. Halbzeit haben wir dann alles versucht um den Ausgleich zu erzielen. Diese Niederlage wird uns nicht umwerfen. Wir kommen zur\u00fcck.&#8220;<br \/>\nIn der Tabelle steht der SV Deckenpfronn nach seiner ersten Niederlage in dieser Saison auf dem 4. Platz.<\/p>\n<\/div>\n","protected":false},"excerpt":{"rendered":"<p>Spielbericht 1. Mannschaft SV Deckenpfronn &#8211; SV Nufringen\u00a0 1:2 1:0\u00a0\u00a0 29. Marvin Kreudler 1:1\u00a0\u00a0 30. Min Eigentor 1:2\u00a0\u00a0 45. MinDer SV Deckenpfronn spielte letzten Samstag im H&amp;B Fu\u00dfballzentrum gegen den SV Nufringen. Personell stark geschw\u00e4cht musste Daniel Supper seine Mannschaft in das Nachbarduell schicken. Gegen sehr tief stehende Nufringer war es extrem schwer zu spielen. &#8230; <a title=\"Spielbericht 20.10.2018\" class=\"read-more\" href=\"https:\/\/www.svdeckenpfronn.de\/?p=2782\" aria-label=\"Mehr Informationen \u00fcber Spielbericht 20.10.2018\">Weiterlesen<\/a><\/p>\n","protected":false},"author":6,"featured_media":0,"comment_status":"closed","ping_status":"closed","sticky":false,"template":"","format":"standard","meta":{"footnotes":""},"categories":[47],"tags":[],"class_list":["post-2782","post","type-post","status-publish","format-standard","hentry","category-1-mannschaft-2018-19"],"publishpress_future_action":{"enabled":false,"date":"2026-05-03 07:55:44","action":"change-status","newStatus":"draft","terms":[],"taxonomy":"category","extraData":[]},"publishpress_future_workflow_manual_trigger":{"enabledWorkflows":[]},"_links":{"self":[{"href":"https:\/\/www.svdeckenpfronn.de\/index.php?rest_route=\/wp\/v2\/posts\/2782","targetHints":{"allow":["GET"]}}],"collection":[{"href":"https:\/\/www.svdeckenpfronn.de\/index.php?rest_route=\/wp\/v2\/posts"}],"about":[{"href":"https:\/\/www.svdeckenpfronn.de\/index.php?rest_route=\/wp\/v2\/types\/post"}],"author":[{"embeddable":true,"href":"https:\/\/www.svdeckenpfronn.de\/index.php?rest_route=\/wp\/v2\/users\/6"}],"replies":[{"embeddable":true,"href":"https:\/\/www.svdeckenpfronn.de\/index.php?rest_route=%2Fwp%2Fv2%2Fcomments&post=2782"}],"version-history":[{"count":2,"href":"https:\/\/www.svdeckenpfronn.de\/index.php?rest_route=\/wp\/v2\/posts\/2782\/revisions"}],"predecessor-version":[{"id":2784,"href":"https:\/\/www.svdeckenpfronn.de\/index.php?rest_route=\/wp\/v2\/posts\/2782\/revisions\/2784"}],"wp:attachment":[{"href":"https:\/\/www.svdeckenpfronn.de\/index.php?rest_route=%2Fwp%2Fv2%2Fmedia&parent=2782"}],"wp:term":[{"taxonomy":"category","embeddable":true,"href":"https:\/\/www.svdeckenpfronn.de\/index.php?rest_route=%2Fwp%2Fv2%2Fcategories&post=2782"},{"taxonomy":"post_tag","embeddable":true,"href":"https:\/\/www.svdeckenpfronn.de\/index.php?rest_route=%2Fwp%2Fv2%2Ftags&post=2782"}],"curies":[{"name":"wp","href":"https:\/\/api.w.org\/{rel}","templated":true}]}}