{"id":2800,"date":"2018-11-04T11:18:44","date_gmt":"2018-11-04T09:18:44","guid":{"rendered":"http:\/\/www.svdeckenpfronn.de\/?p=2800"},"modified":"2019-08-14T20:14:17","modified_gmt":"2019-08-14T18:14:17","slug":"spielbericht-pokalspiel-1-11-2018","status":"publish","type":"post","link":"https:\/\/www.svdeckenpfronn.de\/?p=2800","title":{"rendered":"Spielbericht Pokalspiel 1.11.2018"},"content":{"rendered":"<div class=\"HZU headline\">Spielbericht 1. Mannschaft<\/div>\n<div class=\"textbody\">\n<p><b>GYM &#8211; 24 &#8211; Bezirkspokal<\/b><b>TV Nebringen &#8211; SV Deckenpfronn\u00a0\u00a0 0:2<\/b><\/p>\n<\/div>\n<div class=\"textbody\">0:1\u00a0\u00a0 20. Min Marvin Kreudler<\/div>\n<div class=\"textbody\">0:2\u00a0\u00a0 28. Min Timo Schwarz<\/div>\n<div class=\"textbody\">Der SV Deckenpfronn steht verdient im Halbfinale des Bezirkspokal.<\/div>\n<div class=\"textbody\">Am Donnerstag den 1.11.2018 spielte die 1. Mannschaft im Viertelfinale des<\/div>\n<div class=\"textbody\">GYM &#8211; 24 &#8211; Bezirkspokal gegen den TV Nebringen.<\/div>\n<div class=\"textbody\">Der SVD ging als Favorit in das Spiel gegen den Kreisliga A Gegner, und er wurde seiner Favoriten Rolle gerecht. Nach nur 28 Minute f\u00fchrte die Mannschaft um Spielertrainer Daniel Supper durch Treffer von Marvin Kreudler und Timo Schwarz mit 0:2.<\/div>\n<div class=\"textbody\">In der 2. H\u00e4lfte dosierte der SV Deckenpfronn seine Kr\u00e4fte und verwaltet das Ergebnis. Die Gastgeber hatten nicht viele M\u00f6glichkeiten um dem SV Deckenpfronn nochmal unter Druck zu setzen.<\/div>\n<div class=\"textbody\">Somit steht der SV Deckenpfronn im Halbfinale des GYM &#8211; 24 &#8211; Bezirkspokal.<\/div>\n<div class=\"textbody\">Dieses findet am Mittwoch den 1.5.2019 gegen den SC Neubulach statt.<\/div>\n","protected":false},"excerpt":{"rendered":"<p>Spielbericht 1. Mannschaft GYM &#8211; 24 &#8211; BezirkspokalTV Nebringen &#8211; SV Deckenpfronn\u00a0\u00a0 0:2 0:1\u00a0\u00a0 20. Min Marvin Kreudler 0:2\u00a0\u00a0 28. Min Timo Schwarz Der SV Deckenpfronn steht verdient im Halbfinale des Bezirkspokal. Am Donnerstag den 1.11.2018 spielte die 1. Mannschaft im Viertelfinale des GYM &#8211; 24 &#8211; Bezirkspokal gegen den TV Nebringen. Der SVD ging &#8230; <a title=\"Spielbericht Pokalspiel 1.11.2018\" class=\"read-more\" href=\"https:\/\/www.svdeckenpfronn.de\/?p=2800\" aria-label=\"Mehr Informationen \u00fcber Spielbericht Pokalspiel 1.11.2018\">Weiterlesen<\/a><\/p>\n","protected":false},"author":6,"featured_media":0,"comment_status":"closed","ping_status":"closed","sticky":false,"template":"","format":"standard","meta":{"footnotes":""},"categories":[47],"tags":[],"class_list":["post-2800","post","type-post","status-publish","format-standard","hentry","category-1-mannschaft-2018-19"],"publishpress_future_action":{"enabled":false,"date":"2026-05-03 07:56:20","action":"change-status","newStatus":"draft","terms":[],"taxonomy":"category","extraData":[]},"publishpress_future_workflow_manual_trigger":{"enabledWorkflows":[]},"_links":{"self":[{"href":"https:\/\/www.svdeckenpfronn.de\/index.php?rest_route=\/wp\/v2\/posts\/2800","targetHints":{"allow":["GET"]}}],"collection":[{"href":"https:\/\/www.svdeckenpfronn.de\/index.php?rest_route=\/wp\/v2\/posts"}],"about":[{"href":"https:\/\/www.svdeckenpfronn.de\/index.php?rest_route=\/wp\/v2\/types\/post"}],"author":[{"embeddable":true,"href":"https:\/\/www.svdeckenpfronn.de\/index.php?rest_route=\/wp\/v2\/users\/6"}],"replies":[{"embeddable":true,"href":"https:\/\/www.svdeckenpfronn.de\/index.php?rest_route=%2Fwp%2Fv2%2Fcomments&post=2800"}],"version-history":[{"count":3,"href":"https:\/\/www.svdeckenpfronn.de\/index.php?rest_route=\/wp\/v2\/posts\/2800\/revisions"}],"predecessor-version":[{"id":2806,"href":"https:\/\/www.svdeckenpfronn.de\/index.php?rest_route=\/wp\/v2\/posts\/2800\/revisions\/2806"}],"wp:attachment":[{"href":"https:\/\/www.svdeckenpfronn.de\/index.php?rest_route=%2Fwp%2Fv2%2Fmedia&parent=2800"}],"wp:term":[{"taxonomy":"category","embeddable":true,"href":"https:\/\/www.svdeckenpfronn.de\/index.php?rest_route=%2Fwp%2Fv2%2Fcategories&post=2800"},{"taxonomy":"post_tag","embeddable":true,"href":"https:\/\/www.svdeckenpfronn.de\/index.php?rest_route=%2Fwp%2Fv2%2Ftags&post=2800"}],"curies":[{"name":"wp","href":"https:\/\/api.w.org\/{rel}","templated":true}]}}