{"id":2810,"date":"2018-11-05T09:50:52","date_gmt":"2018-11-05T07:50:52","guid":{"rendered":"http:\/\/www.svdeckenpfronn.de\/?p=2810"},"modified":"2019-08-14T20:14:17","modified_gmt":"2019-08-14T18:14:17","slug":"spielbericht-4-11-2018-2","status":"publish","type":"post","link":"https:\/\/www.svdeckenpfronn.de\/?p=2810","title":{"rendered":"Spielbericht 4.11.2018"},"content":{"rendered":"<div class=\"HZU headline\">Spielbericht 1. Mannschaft<\/div>\n<div class=\"textbody\"><b>SV Deckenpfronn &#8211; SV Rohrau\u00a0\u00a0 0:1<\/b><\/div>\n<div class=\"textbody\">\n<p>0:1\u00a0\u00a0\u00a0 45. Min<\/p>\n<p>Die 1. Mannschaft des SV Deckenpfronn spielte am vergangenen Sonntag im H&amp;B Fu\u00dfballzentrum gegen den SV Rohrau.<br \/>\nDie G\u00e4ste kamen gut ins Spiel und hatten schon wenigen Minuten die erste gro\u00dfe M\u00f6glichkeit, die SVD Keeper Fabian Schmidt verhindern konnten. In der Nachspielzeit der 1. H\u00e4lfte gelang den Rohrauern dann noch der F\u00fchrungstreffer.<br \/>\nIn der 2. Halbzeit \u00fcbernahm der SV Deckenpfronn das Spielgeschehen und dr\u00e4ngten auf den Ausgleich. Die G\u00e4ste konzentrierten sich aufs Verteidigen und stellten das geschickt an. Der Mannschaft um Spielertrainer Daniel Supper fiel kein passendes Mittel ein um einen Treffer zu erzielen.<br \/>\nDaniel Supper:&#8220; Aufgrund der 1. Halbzeit ist es eine verdiente Niederlage. Rohrau hat uns in den Zweik\u00e4mpfen den Schneid abgekauft. Wir tun uns momentan gegen tief stehende Gegner extrem schwer Chancen heraus zu spielen. Die wenigen Chancen die wir haben spielen wir nicht sauber zu Ende.&#8220;<br \/>\nIn der Tabelle steht der SV Deckenpfronn jetzt auf dem 6. Platz.<\/p>\n<\/div>\n","protected":false},"excerpt":{"rendered":"<p>Spielbericht 1. Mannschaft SV Deckenpfronn &#8211; SV Rohrau\u00a0\u00a0 0:1 0:1\u00a0\u00a0\u00a0 45. Min Die 1. Mannschaft des SV Deckenpfronn spielte am vergangenen Sonntag im H&amp;B Fu\u00dfballzentrum gegen den SV Rohrau. Die G\u00e4ste kamen gut ins Spiel und hatten schon wenigen Minuten die erste gro\u00dfe M\u00f6glichkeit, die SVD Keeper Fabian Schmidt verhindern konnten. In der Nachspielzeit der &#8230; <a title=\"Spielbericht 4.11.2018\" class=\"read-more\" href=\"https:\/\/www.svdeckenpfronn.de\/?p=2810\" aria-label=\"Mehr Informationen \u00fcber Spielbericht 4.11.2018\">Weiterlesen<\/a><\/p>\n","protected":false},"author":6,"featured_media":0,"comment_status":"closed","ping_status":"closed","sticky":false,"template":"","format":"standard","meta":{"footnotes":""},"categories":[47],"tags":[],"class_list":["post-2810","post","type-post","status-publish","format-standard","hentry","category-1-mannschaft-2018-19"],"publishpress_future_action":{"enabled":false,"date":"2026-05-03 12:40:28","action":"change-status","newStatus":"draft","terms":[],"taxonomy":"category","extraData":[]},"publishpress_future_workflow_manual_trigger":{"enabledWorkflows":[]},"_links":{"self":[{"href":"https:\/\/www.svdeckenpfronn.de\/index.php?rest_route=\/wp\/v2\/posts\/2810","targetHints":{"allow":["GET"]}}],"collection":[{"href":"https:\/\/www.svdeckenpfronn.de\/index.php?rest_route=\/wp\/v2\/posts"}],"about":[{"href":"https:\/\/www.svdeckenpfronn.de\/index.php?rest_route=\/wp\/v2\/types\/post"}],"author":[{"embeddable":true,"href":"https:\/\/www.svdeckenpfronn.de\/index.php?rest_route=\/wp\/v2\/users\/6"}],"replies":[{"embeddable":true,"href":"https:\/\/www.svdeckenpfronn.de\/index.php?rest_route=%2Fwp%2Fv2%2Fcomments&post=2810"}],"version-history":[{"count":2,"href":"https:\/\/www.svdeckenpfronn.de\/index.php?rest_route=\/wp\/v2\/posts\/2810\/revisions"}],"predecessor-version":[{"id":2812,"href":"https:\/\/www.svdeckenpfronn.de\/index.php?rest_route=\/wp\/v2\/posts\/2810\/revisions\/2812"}],"wp:attachment":[{"href":"https:\/\/www.svdeckenpfronn.de\/index.php?rest_route=%2Fwp%2Fv2%2Fmedia&parent=2810"}],"wp:term":[{"taxonomy":"category","embeddable":true,"href":"https:\/\/www.svdeckenpfronn.de\/index.php?rest_route=%2Fwp%2Fv2%2Fcategories&post=2810"},{"taxonomy":"post_tag","embeddable":true,"href":"https:\/\/www.svdeckenpfronn.de\/index.php?rest_route=%2Fwp%2Fv2%2Ftags&post=2810"}],"curies":[{"name":"wp","href":"https:\/\/api.w.org\/{rel}","templated":true}]}}