{"id":2817,"date":"2018-11-11T13:59:09","date_gmt":"2018-11-11T11:59:09","guid":{"rendered":"http:\/\/www.svdeckenpfronn.de\/?p=2817"},"modified":"2019-08-14T20:17:08","modified_gmt":"2019-08-14T18:17:08","slug":"e1-jugend-1-bezirkshallenrunde-des-wfv","status":"publish","type":"post","link":"https:\/\/www.svdeckenpfronn.de\/?p=2817","title":{"rendered":"E1-Jugend 1. Bezirkshallenrunde des WfV"},"content":{"rendered":"<p><strong>E1-Jugend<\/strong><\/p>\n<p>Eine Runde weiter!<\/p>\n<p>Bei der 1. Hallenbezirksrunde des WfV in Ebhausen kam die E1-Jugend souver\u00e4n, mit drei Siegen und einem Unentschieden ,eine Runde weiter.<\/p>\n<p>Im ersten Spiel gegen die SGM SV Pfrondorf\/Mindersbach zeigten die Spieler, dass sie auch in der Halle Fu\u00dfball spielen k\u00f6nnen. Sie hatten mehrere Chancen, die sie jedoch zun\u00e4chst nicht verwerten konnten. Erst in der letzten Spielminute konnte Lenny noch zum 1:0 Sieg einnetzen.<\/p>\n<p>Danach mussten sie gegen die SGM Beihingen II ran. Nach einem Eckball von Lenny auf Nelly brauchte diese nur noch draufhalten und der Ball landete zur 1:0 F\u00fchrung hinter der Torlinie. Anschlie\u00dfend erh\u00f6hten Lenny und Finn noch zum 3:0 Endstand.<\/p>\n<p>Das dritte Spiel gegen den VfL Nagold III gestaltete sich etwas schwieriger. Unsere Spieler hielten zwar sehr gut dagegen, Spielten sich auch Chancen heraus, jedoch wollte gelingen, weshalb die Partie 0:0 ausging.<\/p>\n<p>Im letzten Spiel sammelten die Jungs und M\u00e4dels nochmal alle ihre Kr\u00e4fte zusammen und\u00a0 lie\u00dfen den Ball laufen. Sie zeigten sch\u00f6ne Spielz\u00fcge, was\u00a0 durch\u00a0 3 Tore von Bekir und Lenny (2x) belohnt wurde.<\/p>\n<p><strong>Vorschau:<\/strong><\/p>\n<p>Die n\u00e4chste Hallenrunde findet am 18.11.2018 statt. N\u00e4here Angaben zu Uhrzeit und Austragungsort wird noch unter Fussball.de eingestellt.<\/p>\n<p>\u00dcber zahlreiche Zuschauer w\u00fcrden sich die Jungs und M\u00e4dels freuen.<\/p>\n<p>&nbsp;<\/p>\n","protected":false},"excerpt":{"rendered":"<p>E1-Jugend Eine Runde weiter! Bei der 1. Hallenbezirksrunde des WfV in Ebhausen kam die E1-Jugend souver\u00e4n, mit drei Siegen und einem Unentschieden ,eine Runde weiter. Im ersten Spiel gegen die SGM SV Pfrondorf\/Mindersbach zeigten die Spieler, dass sie auch in der Halle Fu\u00dfball spielen k\u00f6nnen. Sie hatten mehrere Chancen, die sie jedoch zun\u00e4chst nicht verwerten &#8230; <a title=\"E1-Jugend 1. Bezirkshallenrunde des WfV\" class=\"read-more\" href=\"https:\/\/www.svdeckenpfronn.de\/?p=2817\" aria-label=\"Mehr Informationen \u00fcber E1-Jugend 1. Bezirkshallenrunde des WfV\">Weiterlesen<\/a><\/p>\n","protected":false},"author":2,"featured_media":0,"comment_status":"closed","ping_status":"closed","sticky":false,"template":"","format":"standard","meta":{"footnotes":""},"categories":[53],"tags":[],"class_list":["post-2817","post","type-post","status-publish","format-standard","hentry","category-e1-jugend-saison-2018-19"],"publishpress_future_action":{"enabled":false,"date":"2026-05-03 14:12:58","action":"change-status","newStatus":"draft","terms":[],"taxonomy":"category","extraData":[]},"publishpress_future_workflow_manual_trigger":{"enabledWorkflows":[]},"_links":{"self":[{"href":"https:\/\/www.svdeckenpfronn.de\/index.php?rest_route=\/wp\/v2\/posts\/2817","targetHints":{"allow":["GET"]}}],"collection":[{"href":"https:\/\/www.svdeckenpfronn.de\/index.php?rest_route=\/wp\/v2\/posts"}],"about":[{"href":"https:\/\/www.svdeckenpfronn.de\/index.php?rest_route=\/wp\/v2\/types\/post"}],"author":[{"embeddable":true,"href":"https:\/\/www.svdeckenpfronn.de\/index.php?rest_route=\/wp\/v2\/users\/2"}],"replies":[{"embeddable":true,"href":"https:\/\/www.svdeckenpfronn.de\/index.php?rest_route=%2Fwp%2Fv2%2Fcomments&post=2817"}],"version-history":[{"count":1,"href":"https:\/\/www.svdeckenpfronn.de\/index.php?rest_route=\/wp\/v2\/posts\/2817\/revisions"}],"predecessor-version":[{"id":2818,"href":"https:\/\/www.svdeckenpfronn.de\/index.php?rest_route=\/wp\/v2\/posts\/2817\/revisions\/2818"}],"wp:attachment":[{"href":"https:\/\/www.svdeckenpfronn.de\/index.php?rest_route=%2Fwp%2Fv2%2Fmedia&parent=2817"}],"wp:term":[{"taxonomy":"category","embeddable":true,"href":"https:\/\/www.svdeckenpfronn.de\/index.php?rest_route=%2Fwp%2Fv2%2Fcategories&post=2817"},{"taxonomy":"post_tag","embeddable":true,"href":"https:\/\/www.svdeckenpfronn.de\/index.php?rest_route=%2Fwp%2Fv2%2Ftags&post=2817"}],"curies":[{"name":"wp","href":"https:\/\/api.w.org\/{rel}","templated":true}]}}