{"id":2820,"date":"2018-11-12T13:18:43","date_gmt":"2018-11-12T11:18:43","guid":{"rendered":"http:\/\/www.svdeckenpfronn.de\/?p=2820"},"modified":"2019-08-14T20:14:16","modified_gmt":"2019-08-14T18:14:16","slug":"spielbericht-11-11-2018","status":"publish","type":"post","link":"https:\/\/www.svdeckenpfronn.de\/?p=2820","title":{"rendered":"Spielbericht 11.11.2018"},"content":{"rendered":"<div class=\"HZU headline\">Spielbericht 1. Mannschaft<\/div>\n<div class=\"textbody\"><b>FV Gr\u00fcn Weiss Ottenbronn &#8211; SV Deckenpfronn\u00a0\u00a0 1:2<\/b><\/div>\n<div class=\"textbody\">1:0\u00a0\u00a0\u00a0 18. Min F.E.<\/div>\n<div class=\"textbody\">1:1\u00a0\u00a0\u00a0 43. Min Kevin Wolf F.E.<\/div>\n<div class=\"textbody\">1:2\u00a0\u00a0\u00a0 85. Min Marvin Kreudler<\/div>\n<div class=\"textbody\">Die 1. Mannschaft des SV Deckenpfronn konnte sich dank starker K\u00e4mpferischer Leistung den 2. Platz in der Tabelle sichern.<\/div>\n<div class=\"textbody\">In den ersten 20 Minuten waren die Gastgeber besser im Spiel. Der SVD war zu Beginn ein wenig Schl\u00e4frig unterwegs und hatte einige Unsicherheiten und Fehlp\u00e4sse in ihrem Aufbau Spiel. So konnte Ottenbronn in der 18. Minute nicht ganz unverdient durch einen Strafsto\u00df in F\u00fchrung gehen. Der Mannschaft von Daniel Supper und Dustin Kappus war anzusehen das 4 Spiele in 10 Tagen nicht spurlos an ihr vorbei gegangen ist. Nach dem R\u00fcckstand sammelte sich der SV Deckenpfronn und \u00fcbernahm mehr und mehr das Spielgeschehen.<\/div>\n<div class=\"textbody\">Nicht gerade Positiv wirkte ein manchmal Fragw\u00fcrdiger Schiedsrichter auf den Spielverlauf ein. Der Unparteiische brachte mehr Unruhe in das Spiel als es die beiden Mannschaften taten.<\/div>\n<div class=\"textbody\">Kurz vor dem Halbzeitpfiff trat SVD Kapit\u00e4n Kevin Wolf zum Strafsto\u00df an und verwandelte absolut verdient zum 1:1. Nach der Pause spielte die SVD Elf gegen eine sehr tief stehende Sonne was es der Mannschaft noch schwerer machte. In der 85. Minute traf Marvin Kreudler durch einen Freisto\u00df zum 1:2 f\u00fcr den SV Deckenpfronn.<\/div>\n<div class=\"textbody\">Daniel Supper:&#8220; Das war ein dreckiger Arbeitssieg den wir uns erk\u00e4mpft haben.&#8220;<\/div>\n<div class=\"textbody\">In der Tabelle steht der SV Deckenpfronn auf dem 2. Platz.<\/div>\n","protected":false},"excerpt":{"rendered":"<p>Spielbericht 1. Mannschaft FV Gr\u00fcn Weiss Ottenbronn &#8211; SV Deckenpfronn\u00a0\u00a0 1:2 1:0\u00a0\u00a0\u00a0 18. Min F.E. 1:1\u00a0\u00a0\u00a0 43. Min Kevin Wolf F.E. 1:2\u00a0\u00a0\u00a0 85. Min Marvin Kreudler Die 1. Mannschaft des SV Deckenpfronn konnte sich dank starker K\u00e4mpferischer Leistung den 2. Platz in der Tabelle sichern. In den ersten 20 Minuten waren die Gastgeber besser im &#8230; <a title=\"Spielbericht 11.11.2018\" class=\"read-more\" href=\"https:\/\/www.svdeckenpfronn.de\/?p=2820\" aria-label=\"Mehr Informationen \u00fcber Spielbericht 11.11.2018\">Weiterlesen<\/a><\/p>\n","protected":false},"author":6,"featured_media":0,"comment_status":"closed","ping_status":"closed","sticky":false,"template":"","format":"standard","meta":{"footnotes":""},"categories":[47],"tags":[],"class_list":["post-2820","post","type-post","status-publish","format-standard","hentry","category-1-mannschaft-2018-19"],"publishpress_future_action":{"enabled":false,"date":"2026-05-03 14:14:21","action":"change-status","newStatus":"draft","terms":[],"taxonomy":"category","extraData":[]},"publishpress_future_workflow_manual_trigger":{"enabledWorkflows":[]},"_links":{"self":[{"href":"https:\/\/www.svdeckenpfronn.de\/index.php?rest_route=\/wp\/v2\/posts\/2820","targetHints":{"allow":["GET"]}}],"collection":[{"href":"https:\/\/www.svdeckenpfronn.de\/index.php?rest_route=\/wp\/v2\/posts"}],"about":[{"href":"https:\/\/www.svdeckenpfronn.de\/index.php?rest_route=\/wp\/v2\/types\/post"}],"author":[{"embeddable":true,"href":"https:\/\/www.svdeckenpfronn.de\/index.php?rest_route=\/wp\/v2\/users\/6"}],"replies":[{"embeddable":true,"href":"https:\/\/www.svdeckenpfronn.de\/index.php?rest_route=%2Fwp%2Fv2%2Fcomments&post=2820"}],"version-history":[{"count":2,"href":"https:\/\/www.svdeckenpfronn.de\/index.php?rest_route=\/wp\/v2\/posts\/2820\/revisions"}],"predecessor-version":[{"id":2822,"href":"https:\/\/www.svdeckenpfronn.de\/index.php?rest_route=\/wp\/v2\/posts\/2820\/revisions\/2822"}],"wp:attachment":[{"href":"https:\/\/www.svdeckenpfronn.de\/index.php?rest_route=%2Fwp%2Fv2%2Fmedia&parent=2820"}],"wp:term":[{"taxonomy":"category","embeddable":true,"href":"https:\/\/www.svdeckenpfronn.de\/index.php?rest_route=%2Fwp%2Fv2%2Fcategories&post=2820"},{"taxonomy":"post_tag","embeddable":true,"href":"https:\/\/www.svdeckenpfronn.de\/index.php?rest_route=%2Fwp%2Fv2%2Ftags&post=2820"}],"curies":[{"name":"wp","href":"https:\/\/api.w.org\/{rel}","templated":true}]}}