{"id":2823,"date":"2018-11-12T13:33:33","date_gmt":"2018-11-12T11:33:33","guid":{"rendered":"http:\/\/www.svdeckenpfronn.de\/?p=2823"},"modified":"2019-08-14T20:15:23","modified_gmt":"2019-08-14T18:15:23","slug":"spielbericht-2-mannschaft","status":"publish","type":"post","link":"https:\/\/www.svdeckenpfronn.de\/?p=2823","title":{"rendered":"Spielbericht 2. Mannschaft"},"content":{"rendered":"<div class=\"HZU headline\">Spielbericht 2. Mannschaft<\/div>\n<div class=\"HZU headline\">SpVgg Aidlingen &#8211; SV Deckenpfronn\u00a0\u00a0 2:2<\/div>\n<div class=\"textbody\">1:0\u00a0\u00a0\u00a0 30. Min<br \/>\n1:1\u00a0 \u00a0 37. Min\u00a0 Florian Kreidl<br \/>\n2:1\u00a0\u00a0\u00a0 67. Min<br \/>\n2:2\u00a0\u00a0\u00a0 68. Min Yannik SchneiderDie 2. Mannschaft des SV Deckenpfronn spielte gegen den Tabellen Neunten in Aidlingen.<br \/>\nDie Gastgeber bestimmten die 1. Halbzeit und konnten auch in der 30. Minute in F\u00fchrung gehen. Florian Kreidl glich aber schon 7 Minuten sp\u00e4ter zum 1:1 aus.<br \/>\nIn der 2. Halbzeit steigerte sich der SV Deckenpfronn. Und konnten die erneute F\u00fchrung der Aidlinger im Gegenzug ausgleichen.<br \/>\nPatrick Fahrner.&#8220; Das Unentschieden ist durchaus gerechtfertigt, es war zwar ein hart umk\u00e4mpftes Spiel aber leider kein gutes von unserer Seite. Die Saison l\u00e4uft bisher nicht so wie wir und das erhofft hatten, m\u00fcssen weiter an uns arbeiten:&#8220;<br \/>\nIn der Tabelle steht die 2. Mannschaft des SV Deckenpfronn auf dem 13. Platz.<\/p>\n<\/div>\n","protected":false},"excerpt":{"rendered":"<p>Spielbericht 2. Mannschaft SpVgg Aidlingen &#8211; SV Deckenpfronn\u00a0\u00a0 2:2 1:0\u00a0\u00a0\u00a0 30. Min 1:1\u00a0 \u00a0 37. Min\u00a0 Florian Kreidl 2:1\u00a0\u00a0\u00a0 67. Min 2:2\u00a0\u00a0\u00a0 68. Min Yannik SchneiderDie 2. Mannschaft des SV Deckenpfronn spielte gegen den Tabellen Neunten in Aidlingen. Die Gastgeber bestimmten die 1. Halbzeit und konnten auch in der 30. Minute in F\u00fchrung gehen. Florian &#8230; <a title=\"Spielbericht 2. Mannschaft\" class=\"read-more\" href=\"https:\/\/www.svdeckenpfronn.de\/?p=2823\" aria-label=\"Mehr Informationen \u00fcber Spielbericht 2. Mannschaft\">Weiterlesen<\/a><\/p>\n","protected":false},"author":6,"featured_media":0,"comment_status":"closed","ping_status":"closed","sticky":false,"template":"","format":"standard","meta":{"footnotes":""},"categories":[48],"tags":[],"class_list":["post-2823","post","type-post","status-publish","format-standard","hentry","category-2-mannschaft-2018-19"],"publishpress_future_action":{"enabled":false,"date":"2026-05-03 12:41:23","action":"change-status","newStatus":"draft","terms":[],"taxonomy":"category","extraData":[]},"publishpress_future_workflow_manual_trigger":{"enabledWorkflows":[]},"_links":{"self":[{"href":"https:\/\/www.svdeckenpfronn.de\/index.php?rest_route=\/wp\/v2\/posts\/2823","targetHints":{"allow":["GET"]}}],"collection":[{"href":"https:\/\/www.svdeckenpfronn.de\/index.php?rest_route=\/wp\/v2\/posts"}],"about":[{"href":"https:\/\/www.svdeckenpfronn.de\/index.php?rest_route=\/wp\/v2\/types\/post"}],"author":[{"embeddable":true,"href":"https:\/\/www.svdeckenpfronn.de\/index.php?rest_route=\/wp\/v2\/users\/6"}],"replies":[{"embeddable":true,"href":"https:\/\/www.svdeckenpfronn.de\/index.php?rest_route=%2Fwp%2Fv2%2Fcomments&post=2823"}],"version-history":[{"count":2,"href":"https:\/\/www.svdeckenpfronn.de\/index.php?rest_route=\/wp\/v2\/posts\/2823\/revisions"}],"predecessor-version":[{"id":2825,"href":"https:\/\/www.svdeckenpfronn.de\/index.php?rest_route=\/wp\/v2\/posts\/2823\/revisions\/2825"}],"wp:attachment":[{"href":"https:\/\/www.svdeckenpfronn.de\/index.php?rest_route=%2Fwp%2Fv2%2Fmedia&parent=2823"}],"wp:term":[{"taxonomy":"category","embeddable":true,"href":"https:\/\/www.svdeckenpfronn.de\/index.php?rest_route=%2Fwp%2Fv2%2Fcategories&post=2823"},{"taxonomy":"post_tag","embeddable":true,"href":"https:\/\/www.svdeckenpfronn.de\/index.php?rest_route=%2Fwp%2Fv2%2Ftags&post=2823"}],"curies":[{"name":"wp","href":"https:\/\/api.w.org\/{rel}","templated":true}]}}