{"id":2826,"date":"2018-11-19T10:46:23","date_gmt":"2018-11-19T08:46:23","guid":{"rendered":"http:\/\/www.svdeckenpfronn.de\/?p=2826"},"modified":"2019-08-14T20:15:22","modified_gmt":"2019-08-14T18:15:22","slug":"spielbericht-18-11-2018","status":"publish","type":"post","link":"https:\/\/www.svdeckenpfronn.de\/?p=2826","title":{"rendered":"Spielbericht 18.11.2018"},"content":{"rendered":"<div class=\"HZU headline\">Spielbericht 2. Mannschaft<\/div>\n<div class=\"textbody\"><b>SV Deckenpfronn &#8211; SV Affst\u00e4tt\u00a0\u00a0 3:2<\/b><\/div>\n<div class=\"textbody\">0:1\u00a0\u00a0\u00a0 35. Min<\/div>\n<div class=\"textbody\">1:1\u00a0\u00a0\u00a0 45. Min Cem Neuffer<\/div>\n<div class=\"textbody\">1:2\u00a0\u00a0\u00a0 46. Min<\/div>\n<div class=\"textbody\">2:2\u00a0\u00a0\u00a0 50. Min Marc Baur<\/div>\n<div class=\"textbody\">3:2\u00a0\u00a0\u00a0 70. Min Luca Gr\u00f6ning<\/div>\n<div class=\"textbody\">Die 2. Mannschaft gewinnt zu Hause gegen den SV Affst\u00e4tt.<\/div>\n<div class=\"textbody\">Die G\u00e4ste konnten in der 35. Min die F\u00fchrung erzielen, aber noch vor dem Halbzeitpfiff konnte der SV Deckenpfronn durch Cem Neuffer zum 1:1 ausgleichen.<\/div>\n<div class=\"textbody\">Nach der Halbzeitpause kam die Zweite des SV Deckenpfronn motiviert aus der Kabine, geriet allerdings durch einen Individuellen Fehler wieder in R\u00fcckstand. Darauf hat die Mannschaft von Marc Baur aber gut reagiert und jeder k\u00e4mpfte f\u00fcr jeden. Durch Tore von Marc Baur und Luca Gr\u00f6ning konnte der SV Deckenpfronn das Spiel drehen und letztendlich auch verdient gewinnen.<\/div>\n<div class=\"textbody\">Marc Baur:&#8220; In der 1. Halbzeit hat Affst\u00e4tt unsere Fehler genutzt und wir ihre. In der 2. Halbzeit haben wir Moral bewiesen und die G\u00e4ste kamen kaum noch gef\u00e4hrlich vors Tor.<\/div>\n<div class=\"textbody\">Der Sieg war f\u00fcr die Mannschaft enorm wichtig.&#8220;<\/div>\n<div class=\"textbody\">In der Tabelle steht die 2. Mannschaft des SV Deckenpfronn nach 11 Spielen mit 9 Punkten auf dem 12. Platz.<\/div>\n","protected":false},"excerpt":{"rendered":"<p>Spielbericht 2. Mannschaft SV Deckenpfronn &#8211; SV Affst\u00e4tt\u00a0\u00a0 3:2 0:1\u00a0\u00a0\u00a0 35. Min 1:1\u00a0\u00a0\u00a0 45. Min Cem Neuffer 1:2\u00a0\u00a0\u00a0 46. Min 2:2\u00a0\u00a0\u00a0 50. Min Marc Baur 3:2\u00a0\u00a0\u00a0 70. Min Luca Gr\u00f6ning Die 2. Mannschaft gewinnt zu Hause gegen den SV Affst\u00e4tt. Die G\u00e4ste konnten in der 35. Min die F\u00fchrung erzielen, aber noch vor dem Halbzeitpfiff &#8230; <a title=\"Spielbericht 18.11.2018\" class=\"read-more\" href=\"https:\/\/www.svdeckenpfronn.de\/?p=2826\" aria-label=\"Mehr Informationen \u00fcber Spielbericht 18.11.2018\">Weiterlesen<\/a><\/p>\n","protected":false},"author":6,"featured_media":0,"comment_status":"closed","ping_status":"closed","sticky":false,"template":"","format":"standard","meta":{"footnotes":""},"categories":[48],"tags":[],"class_list":["post-2826","post","type-post","status-publish","format-standard","hentry","category-2-mannschaft-2018-19"],"publishpress_future_action":{"enabled":false,"date":"2026-05-03 11:06:36","action":"change-status","newStatus":"draft","terms":[],"taxonomy":"category","extraData":[]},"publishpress_future_workflow_manual_trigger":{"enabledWorkflows":[]},"_links":{"self":[{"href":"https:\/\/www.svdeckenpfronn.de\/index.php?rest_route=\/wp\/v2\/posts\/2826","targetHints":{"allow":["GET"]}}],"collection":[{"href":"https:\/\/www.svdeckenpfronn.de\/index.php?rest_route=\/wp\/v2\/posts"}],"about":[{"href":"https:\/\/www.svdeckenpfronn.de\/index.php?rest_route=\/wp\/v2\/types\/post"}],"author":[{"embeddable":true,"href":"https:\/\/www.svdeckenpfronn.de\/index.php?rest_route=\/wp\/v2\/users\/6"}],"replies":[{"embeddable":true,"href":"https:\/\/www.svdeckenpfronn.de\/index.php?rest_route=%2Fwp%2Fv2%2Fcomments&post=2826"}],"version-history":[{"count":2,"href":"https:\/\/www.svdeckenpfronn.de\/index.php?rest_route=\/wp\/v2\/posts\/2826\/revisions"}],"predecessor-version":[{"id":2828,"href":"https:\/\/www.svdeckenpfronn.de\/index.php?rest_route=\/wp\/v2\/posts\/2826\/revisions\/2828"}],"wp:attachment":[{"href":"https:\/\/www.svdeckenpfronn.de\/index.php?rest_route=%2Fwp%2Fv2%2Fmedia&parent=2826"}],"wp:term":[{"taxonomy":"category","embeddable":true,"href":"https:\/\/www.svdeckenpfronn.de\/index.php?rest_route=%2Fwp%2Fv2%2Fcategories&post=2826"},{"taxonomy":"post_tag","embeddable":true,"href":"https:\/\/www.svdeckenpfronn.de\/index.php?rest_route=%2Fwp%2Fv2%2Ftags&post=2826"}],"curies":[{"name":"wp","href":"https:\/\/api.w.org\/{rel}","templated":true}]}}