{"id":2829,"date":"2018-11-19T12:52:38","date_gmt":"2018-11-19T10:52:38","guid":{"rendered":"http:\/\/www.svdeckenpfronn.de\/?p=2829"},"modified":"2019-08-14T20:14:16","modified_gmt":"2019-08-14T18:14:16","slug":"spielbericht-18-11-2018-2","status":"publish","type":"post","link":"https:\/\/www.svdeckenpfronn.de\/?p=2829","title":{"rendered":"Spielbericht 18.11.2018"},"content":{"rendered":"<div class=\"HZU headline\">Spielbericht 1. Mannschaft<\/div>\n<div class=\"textbody\"><b>SV Deckenpfronn &#8211; TSV Haiterbach\u00a0\u00a0\u00a0 4:0<\/b><\/div>\n<div class=\"textbody\">1:0\u00a0\u00a0\u00a0 16. Min Robin Braun<\/div>\n<div class=\"textbody\">2:0\u00a0\u00a0\u00a0 61. Min Timo Schwarz<\/div>\n<div class=\"textbody\">3:0\u00a0\u00a0\u00a0 72. Min Kevin Wolf<\/div>\n<div class=\"textbody\">4:0\u00a0\u00a0\u00a0 87. Min Dustin Kappus<\/div>\n<div class=\"textbody\">Die 1. Mannschaft des SV Deckenpfronn spielte vor heimischem Publikum im H&amp;B Fu\u00dfballzentrum ein souver\u00e4nes Spiel.<\/div>\n<div class=\"textbody\">Die Mannschaft von Daniel Supper best\u00e4tigte ihren 2. Platz in der Tabelle.<\/div>\n<div class=\"textbody\">Durch eine geschlossene Mannschaftsleistung war der verdiente Sieg nie in Gefahr, auch wenn es bis zur 61. Min dauerte, bis der SVD das zweite Tor nach legte und somit den Sack zu machte.<\/div>\n<div class=\"textbody\">SVD Kapit\u00e4n Kevin Wolf und Co-Trainer Dustin Kappus erh\u00f6hten das Ergebniss auf 4:0.<\/div>\n<div class=\"textbody\">Daniel Supper: &#8222;Die Mannschaft spielte geschlossen und lie\u00df nicht viel zu. Das einzigste was vielleicht negativ war, war dass wir es verpasst haben in der 1. Halbzeit den zweiten Treffer zu machen, um mehr Sicherheit ins Spiel zu bringen. Aber alles in allem war es sehr souver\u00e4n.&#8220;<\/div>\n<div class=\"textbody\">In der Tabelle steht die 1. Mannschaft des SV Deckenpfronn nach 13 Spielen mit 25 Punkten auf dem 2. Platz.<\/div>\n","protected":false},"excerpt":{"rendered":"<p>Spielbericht 1. Mannschaft SV Deckenpfronn &#8211; TSV Haiterbach\u00a0\u00a0\u00a0 4:0 1:0\u00a0\u00a0\u00a0 16. Min Robin Braun 2:0\u00a0\u00a0\u00a0 61. Min Timo Schwarz 3:0\u00a0\u00a0\u00a0 72. Min Kevin Wolf 4:0\u00a0\u00a0\u00a0 87. Min Dustin Kappus Die 1. Mannschaft des SV Deckenpfronn spielte vor heimischem Publikum im H&amp;B Fu\u00dfballzentrum ein souver\u00e4nes Spiel. Die Mannschaft von Daniel Supper best\u00e4tigte ihren 2. Platz in &#8230; <a title=\"Spielbericht 18.11.2018\" class=\"read-more\" href=\"https:\/\/www.svdeckenpfronn.de\/?p=2829\" aria-label=\"Mehr Informationen \u00fcber Spielbericht 18.11.2018\">Weiterlesen<\/a><\/p>\n","protected":false},"author":6,"featured_media":0,"comment_status":"closed","ping_status":"closed","sticky":false,"template":"","format":"standard","meta":{"footnotes":""},"categories":[47],"tags":[],"class_list":["post-2829","post","type-post","status-publish","format-standard","hentry","category-1-mannschaft-2018-19"],"publishpress_future_action":{"enabled":false,"date":"2026-05-03 09:34:07","action":"change-status","newStatus":"draft","terms":[],"taxonomy":"category","extraData":[]},"publishpress_future_workflow_manual_trigger":{"enabledWorkflows":[]},"_links":{"self":[{"href":"https:\/\/www.svdeckenpfronn.de\/index.php?rest_route=\/wp\/v2\/posts\/2829","targetHints":{"allow":["GET"]}}],"collection":[{"href":"https:\/\/www.svdeckenpfronn.de\/index.php?rest_route=\/wp\/v2\/posts"}],"about":[{"href":"https:\/\/www.svdeckenpfronn.de\/index.php?rest_route=\/wp\/v2\/types\/post"}],"author":[{"embeddable":true,"href":"https:\/\/www.svdeckenpfronn.de\/index.php?rest_route=\/wp\/v2\/users\/6"}],"replies":[{"embeddable":true,"href":"https:\/\/www.svdeckenpfronn.de\/index.php?rest_route=%2Fwp%2Fv2%2Fcomments&post=2829"}],"version-history":[{"count":2,"href":"https:\/\/www.svdeckenpfronn.de\/index.php?rest_route=\/wp\/v2\/posts\/2829\/revisions"}],"predecessor-version":[{"id":2831,"href":"https:\/\/www.svdeckenpfronn.de\/index.php?rest_route=\/wp\/v2\/posts\/2829\/revisions\/2831"}],"wp:attachment":[{"href":"https:\/\/www.svdeckenpfronn.de\/index.php?rest_route=%2Fwp%2Fv2%2Fmedia&parent=2829"}],"wp:term":[{"taxonomy":"category","embeddable":true,"href":"https:\/\/www.svdeckenpfronn.de\/index.php?rest_route=%2Fwp%2Fv2%2Fcategories&post=2829"},{"taxonomy":"post_tag","embeddable":true,"href":"https:\/\/www.svdeckenpfronn.de\/index.php?rest_route=%2Fwp%2Fv2%2Ftags&post=2829"}],"curies":[{"name":"wp","href":"https:\/\/api.w.org\/{rel}","templated":true}]}}