{"id":2834,"date":"2018-11-19T13:21:38","date_gmt":"2018-11-19T11:21:38","guid":{"rendered":"http:\/\/www.svdeckenpfronn.de\/?p=2834"},"modified":"2019-08-14T20:17:07","modified_gmt":"2019-08-14T18:17:07","slug":"e1-jugend-zwischenrunde-der-wfv-hallenrunde","status":"publish","type":"post","link":"https:\/\/www.svdeckenpfronn.de\/?p=2834","title":{"rendered":"E1-Jugend Zwischenrunde der WfV Hallenrunde"},"content":{"rendered":"<p><strong>E1-Jugend<\/strong><\/p>\n<p><strong>2. Platz in der Zwischenrunde!<\/strong><\/p>\n<p>Am 18.11.18 ging es in der WfV Hallenrunde in Ehningen weiter. Als erstes mussten die Spieler der E1-Jugend gegen die SVgg Holzgerlingen III ran. Die Jungs und M\u00e4dels spielten sehr gut zusammen und hatten mehrere Chancen um in F\u00fchrung zu gehen. Jedoch wollte einfach kein Tor gelingen. Dann gab es\u00a0 Abstimmungsprobleme in der Abwehr, weshalb die SVgg Holzgerlingen III unerwartet mit 1:0 in F\u00fchrung ging. Kurz vor Spielschluss konnte Finn bei einem Freisto\u00df noch den Ausgleich zum 1:1 sichern.<\/p>\n<p>Im zweiten Spiel gg. die SGM SV Pfondorf lief es dann gleich besser. Finn traf zur 1:0 F\u00fchrung und Bekir versenkte den Ball, nach einem Querpass von Lenny, im gegnerischen Tor zum 2:0 Sieg.<\/p>\n<p>Dann spielten die Jungs und M\u00e4dels gegen den IBM Club B\u00f6blingen III. Innerhalb k\u00fcrzester Zeit traf Pascal gleich zweimal das Tor und Lenny kr\u00f6nte mit einem weiteren Treffer den 3:0 Sieg.<\/p>\n<p>Im letzten Spiel gegen die SGM FC Neuweiler-Oberes Teinach blieb die Partie, trotz mehreren Chancen durch den SVD, torlos.<\/p>\n<p>Mit einem hervorragenden 2. Platz haben es die Spieler und Spielerinnen in die Endrunde geschafft. Diese wird jedoch erst im n\u00e4chsten Jahr, am 12.01.2019, stattfinden.<\/p>\n<p><strong>Ein ganz gro\u00dfes Lob an alle Spieler und Spielerinnen!<\/strong><\/p>\n","protected":false},"excerpt":{"rendered":"<p>E1-Jugend 2. Platz in der Zwischenrunde! Am 18.11.18 ging es in der WfV Hallenrunde in Ehningen weiter. Als erstes mussten die Spieler der E1-Jugend gegen die SVgg Holzgerlingen III ran. Die Jungs und M\u00e4dels spielten sehr gut zusammen und hatten mehrere Chancen um in F\u00fchrung zu gehen. Jedoch wollte einfach kein Tor gelingen. Dann gab &#8230; <a title=\"E1-Jugend Zwischenrunde der WfV Hallenrunde\" class=\"read-more\" href=\"https:\/\/www.svdeckenpfronn.de\/?p=2834\" aria-label=\"Mehr Informationen \u00fcber E1-Jugend Zwischenrunde der WfV Hallenrunde\">Weiterlesen<\/a><\/p>\n","protected":false},"author":2,"featured_media":0,"comment_status":"closed","ping_status":"closed","sticky":false,"template":"","format":"standard","meta":{"footnotes":""},"categories":[53],"tags":[],"class_list":["post-2834","post","type-post","status-publish","format-standard","hentry","category-e1-jugend-saison-2018-19"],"publishpress_future_action":{"enabled":false,"date":"2026-05-03 07:52:53","action":"change-status","newStatus":"draft","terms":[],"taxonomy":"category","extraData":[]},"publishpress_future_workflow_manual_trigger":{"enabledWorkflows":[]},"_links":{"self":[{"href":"https:\/\/www.svdeckenpfronn.de\/index.php?rest_route=\/wp\/v2\/posts\/2834","targetHints":{"allow":["GET"]}}],"collection":[{"href":"https:\/\/www.svdeckenpfronn.de\/index.php?rest_route=\/wp\/v2\/posts"}],"about":[{"href":"https:\/\/www.svdeckenpfronn.de\/index.php?rest_route=\/wp\/v2\/types\/post"}],"author":[{"embeddable":true,"href":"https:\/\/www.svdeckenpfronn.de\/index.php?rest_route=\/wp\/v2\/users\/2"}],"replies":[{"embeddable":true,"href":"https:\/\/www.svdeckenpfronn.de\/index.php?rest_route=%2Fwp%2Fv2%2Fcomments&post=2834"}],"version-history":[{"count":2,"href":"https:\/\/www.svdeckenpfronn.de\/index.php?rest_route=\/wp\/v2\/posts\/2834\/revisions"}],"predecessor-version":[{"id":2836,"href":"https:\/\/www.svdeckenpfronn.de\/index.php?rest_route=\/wp\/v2\/posts\/2834\/revisions\/2836"}],"wp:attachment":[{"href":"https:\/\/www.svdeckenpfronn.de\/index.php?rest_route=%2Fwp%2Fv2%2Fmedia&parent=2834"}],"wp:term":[{"taxonomy":"category","embeddable":true,"href":"https:\/\/www.svdeckenpfronn.de\/index.php?rest_route=%2Fwp%2Fv2%2Fcategories&post=2834"},{"taxonomy":"post_tag","embeddable":true,"href":"https:\/\/www.svdeckenpfronn.de\/index.php?rest_route=%2Fwp%2Fv2%2Ftags&post=2834"}],"curies":[{"name":"wp","href":"https:\/\/api.w.org\/{rel}","templated":true}]}}