{"id":2930,"date":"2019-02-11T11:38:30","date_gmt":"2019-02-11T09:38:30","guid":{"rendered":"http:\/\/www.svdeckenpfronn.de\/?p=2930"},"modified":"2019-08-14T20:17:07","modified_gmt":"2019-08-14T18:17:07","slug":"e1-jugend-hobbyturnier-beim-tsv-wildberg","status":"publish","type":"post","link":"https:\/\/www.svdeckenpfronn.de\/?p=2930","title":{"rendered":"E1-Jugend Hobbyturnier beim TSV Wildberg"},"content":{"rendered":"<p>Am 09.02.19 nahmen unsere Spieler der E1 Jugend am Hobbyturnier in Wildberg teil. Sie konnten souver\u00e4n alle Spiele gewinnen und wurden Turniersieger.<\/p>\n<p>Herzlichen Gl\u00fcckwunsch!<\/p>\n<p><strong>Vorschau:<\/strong>Am Sonntag den 24.02.19 findet das letzte Hallenturnier der Saison in Oberjesingen statt. \u00dcber zahlreiche Unterst\u00fctzung w\u00fcrden sich die Jungs und M\u00e4dels freuen.<\/p>\n","protected":false},"excerpt":{"rendered":"<p>Am 09.02.19 nahmen unsere Spieler der E1 Jugend am Hobbyturnier in Wildberg teil. Sie konnten souver\u00e4n alle Spiele gewinnen und wurden Turniersieger. Herzlichen Gl\u00fcckwunsch! Vorschau:Am Sonntag den 24.02.19 findet das letzte Hallenturnier der Saison in Oberjesingen statt. \u00dcber zahlreiche Unterst\u00fctzung w\u00fcrden sich die Jungs und M\u00e4dels freuen.<\/p>\n","protected":false},"author":2,"featured_media":2931,"comment_status":"closed","ping_status":"closed","sticky":false,"template":"","format":"standard","meta":{"footnotes":""},"categories":[53],"tags":[],"class_list":["post-2930","post","type-post","status-publish","format-standard","has-post-thumbnail","hentry","category-e1-jugend-saison-2018-19"],"publishpress_future_action":{"enabled":false,"date":"2026-05-03 14:05:31","action":"change-status","newStatus":"draft","terms":[],"taxonomy":"category","extraData":[]},"publishpress_future_workflow_manual_trigger":{"enabledWorkflows":[]},"_links":{"self":[{"href":"https:\/\/www.svdeckenpfronn.de\/index.php?rest_route=\/wp\/v2\/posts\/2930","targetHints":{"allow":["GET"]}}],"collection":[{"href":"https:\/\/www.svdeckenpfronn.de\/index.php?rest_route=\/wp\/v2\/posts"}],"about":[{"href":"https:\/\/www.svdeckenpfronn.de\/index.php?rest_route=\/wp\/v2\/types\/post"}],"author":[{"embeddable":true,"href":"https:\/\/www.svdeckenpfronn.de\/index.php?rest_route=\/wp\/v2\/users\/2"}],"replies":[{"embeddable":true,"href":"https:\/\/www.svdeckenpfronn.de\/index.php?rest_route=%2Fwp%2Fv2%2Fcomments&post=2930"}],"version-history":[{"count":1,"href":"https:\/\/www.svdeckenpfronn.de\/index.php?rest_route=\/wp\/v2\/posts\/2930\/revisions"}],"predecessor-version":[{"id":2932,"href":"https:\/\/www.svdeckenpfronn.de\/index.php?rest_route=\/wp\/v2\/posts\/2930\/revisions\/2932"}],"wp:featuredmedia":[{"embeddable":true,"href":"https:\/\/www.svdeckenpfronn.de\/index.php?rest_route=\/wp\/v2\/media\/2931"}],"wp:attachment":[{"href":"https:\/\/www.svdeckenpfronn.de\/index.php?rest_route=%2Fwp%2Fv2%2Fmedia&parent=2930"}],"wp:term":[{"taxonomy":"category","embeddable":true,"href":"https:\/\/www.svdeckenpfronn.de\/index.php?rest_route=%2Fwp%2Fv2%2Fcategories&post=2930"},{"taxonomy":"post_tag","embeddable":true,"href":"https:\/\/www.svdeckenpfronn.de\/index.php?rest_route=%2Fwp%2Fv2%2Ftags&post=2930"}],"curies":[{"name":"wp","href":"https:\/\/api.w.org\/{rel}","templated":true}]}}