{"id":3108,"date":"2019-06-03T11:41:09","date_gmt":"2019-06-03T09:41:09","guid":{"rendered":"http:\/\/www.svdeckenpfronn.de\/?p=3108"},"modified":"2019-08-14T20:17:06","modified_gmt":"2019-08-14T18:17:06","slug":"e1-spielbericht-vom-01-06-2019","status":"publish","type":"post","link":"https:\/\/www.svdeckenpfronn.de\/?p=3108","title":{"rendered":"E1 Spielbericht vom 01.06.2019"},"content":{"rendered":"<p><strong>Vfl Sindelfingen II &#8211; SV Deckenpfronn \u00a0 \u00a0 1:5<\/strong><\/p>\n<p><strong>0:1\u00a0 1. Min.\u00a0 Bekir<\/strong><\/p>\n<p><strong>1:1\u00a0\u00a0 2.Min.<\/strong><\/p>\n<p><strong>1:2\u00a0\u00a0 7. Min. Lenny<\/strong><\/p>\n<p><strong>1:3\u00a0\u00a0 8. Min. Lenny<\/strong><\/p>\n<p><strong>1:4\u00a0 12. Min. Pascal<\/strong><\/p>\n<p><strong>1:5\u00a0 17. Min. Finn<\/strong><\/p>\n<p>Das letzte Rundenspiel fand am 01.06.19 am Glaspalast in Sindelfingen statt. Nach Anpfiff fiel auch gleich das wohl schnellste Tor der Runde. In der 16 Sekunde schnappte sich Bekir den Ball lief auf das Tor zu und schob den Ball hinter die Torlinie. Bei dieser Aktion verletzte er sich und musste ausgewechselt werden. Im Gegenzug fiel auch schon der Ausgleich durch die Sindelfinger. In der 7. Min. waren die SVD&#8217;ler dann wieder an der Reihe und Lenny konnte durch einen Treffer zum 1:2 erh\u00f6hen. Eine Minute sp\u00e4ter bekamen die Deckenpfronner, nach einem Foul, einen Freisto\u00df. Nelly schnappte sich den Ball und flankte diesen in den gegnerischen Strafraum. Mit einem vorbildlichen Fallr\u00fcckzieher von Lenny landete der Ball im Tor des Gegners. Weiter ging es in der 12. Min. Pascal erh\u00f6he durch ein Tor zum 1:4 und in der 17. Min. erzielte Finn noch ein weiteres Tor f\u00fcr den SVD.<\/p>\n<p>In der zweiten Spielh\u00e4lfte fielen keine Tore mehr. Leider musste der Unparteiische mehrmals das Spiel unterbrechen, da die gegnerischen Zuschauer immer wieder lauthals in das Spiel hinein schrien und somit die Spieler beeinflussten.<\/p>\n<p>Nach dem Schlusspfiff stand es 1:5 f\u00fcr Deckenpfronn.<\/p>\n<p>Dies war das letzte Spiel in der Runde und die Jungs und M\u00e4dels haben einen hervorragenden <strong>3. Platz<\/strong> belegt.<\/p>\n<p><strong>Die Spieler und Spielerinnen bedanken sich f\u00fcr die tatkr\u00e4ftige Unterst\u00fctzung der Fan&#8217;s an der Au\u00dfenlinie und freuen sich schon auf die n\u00e4chste Runde, ab September,\u00a0 in der Spielgemeinschaft K\/D\/O\/S in der D-Jugend.<\/strong><\/p>\n","protected":false},"excerpt":{"rendered":"<p>Vfl Sindelfingen II &#8211; SV Deckenpfronn \u00a0 \u00a0 1:5 0:1\u00a0 1. Min.\u00a0 Bekir 1:1\u00a0\u00a0 2.Min. 1:2\u00a0\u00a0 7. Min. Lenny 1:3\u00a0\u00a0 8. Min. Lenny 1:4\u00a0 12. Min. Pascal 1:5\u00a0 17. Min. Finn Das letzte Rundenspiel fand am 01.06.19 am Glaspalast in Sindelfingen statt. Nach Anpfiff fiel auch gleich das wohl schnellste Tor der Runde. In der &#8230; <a title=\"E1 Spielbericht vom 01.06.2019\" class=\"read-more\" href=\"https:\/\/www.svdeckenpfronn.de\/?p=3108\" aria-label=\"Mehr Informationen \u00fcber E1 Spielbericht vom 01.06.2019\">Weiterlesen<\/a><\/p>\n","protected":false},"author":2,"featured_media":0,"comment_status":"closed","ping_status":"closed","sticky":false,"template":"","format":"standard","meta":{"footnotes":""},"categories":[53],"tags":[],"class_list":["post-3108","post","type-post","status-publish","format-standard","hentry","category-e1-jugend-saison-2018-19"],"publishpress_future_action":{"enabled":false,"date":"2026-05-03 14:10:02","action":"change-status","newStatus":"draft","terms":[],"taxonomy":"category","extraData":[]},"publishpress_future_workflow_manual_trigger":{"enabledWorkflows":[]},"_links":{"self":[{"href":"https:\/\/www.svdeckenpfronn.de\/index.php?rest_route=\/wp\/v2\/posts\/3108","targetHints":{"allow":["GET"]}}],"collection":[{"href":"https:\/\/www.svdeckenpfronn.de\/index.php?rest_route=\/wp\/v2\/posts"}],"about":[{"href":"https:\/\/www.svdeckenpfronn.de\/index.php?rest_route=\/wp\/v2\/types\/post"}],"author":[{"embeddable":true,"href":"https:\/\/www.svdeckenpfronn.de\/index.php?rest_route=\/wp\/v2\/users\/2"}],"replies":[{"embeddable":true,"href":"https:\/\/www.svdeckenpfronn.de\/index.php?rest_route=%2Fwp%2Fv2%2Fcomments&post=3108"}],"version-history":[{"count":3,"href":"https:\/\/www.svdeckenpfronn.de\/index.php?rest_route=\/wp\/v2\/posts\/3108\/revisions"}],"predecessor-version":[{"id":3111,"href":"https:\/\/www.svdeckenpfronn.de\/index.php?rest_route=\/wp\/v2\/posts\/3108\/revisions\/3111"}],"wp:attachment":[{"href":"https:\/\/www.svdeckenpfronn.de\/index.php?rest_route=%2Fwp%2Fv2%2Fmedia&parent=3108"}],"wp:term":[{"taxonomy":"category","embeddable":true,"href":"https:\/\/www.svdeckenpfronn.de\/index.php?rest_route=%2Fwp%2Fv2%2Fcategories&post=3108"},{"taxonomy":"post_tag","embeddable":true,"href":"https:\/\/www.svdeckenpfronn.de\/index.php?rest_route=%2Fwp%2Fv2%2Ftags&post=3108"}],"curies":[{"name":"wp","href":"https:\/\/api.w.org\/{rel}","templated":true}]}}