{"id":3785,"date":"2020-09-14T11:30:48","date_gmt":"2020-09-14T09:30:48","guid":{"rendered":"http:\/\/www.svdeckenpfronn.de\/?p=3785"},"modified":"2021-07-26T18:37:09","modified_gmt":"2021-07-26T16:37:09","slug":"spielbericht-2-mannschaft-8","status":"publish","type":"post","link":"https:\/\/www.svdeckenpfronn.de\/?p=3785","title":{"rendered":"Spielbericht 2. Mannschaft"},"content":{"rendered":"<p><strong>VfL Sindelfingen &#8211; SV Deckenpfronn\u00a0 1:2<\/strong><\/p>\n<p>0:1\u00a0 30. Min Patrick Wolf<\/p>\n<p>0:2\u00a0 57. Min Marc Baur<\/p>\n<p>1:2\u00a0 76. Min<\/p>\n<p>Mit einer \u00fcberragenden Mannschaftsleistung gewinnt unsere 2. Mannschaft gegen starke Sindelfinger.<\/p>\n<p>Patrick Wolf brachte den SVD in der 30. Spielminute in F\u00fchrung.<\/p>\n<p>In der ein oder anderes Situation war auch ein Qu\u00e4ntchen Gl\u00fcck f\u00fcr den SVD dabei, aber das hat sich die Mannschaft um Marc Baur und Patrick Fahrner heute verdient.<\/p>\n<p>In der 57. Spielminute erh\u00f6hte Spielertrainer Marc Baur auf 2:0.<\/p>\n<p>Der Anschlusstreffer in der 76. Minute machte die Partie wieder spannender. Aber der SV Deckenpfronn konnte die F\u00fchrung halten.<\/p>\n<p>In der Tabelle steht die 2. Mannschaft des SV Deckenpfronn nach 3 Spielen mit 7 Punkten auf dem 4. Platz.<\/p>\n","protected":false},"excerpt":{"rendered":"<p>VfL Sindelfingen &#8211; SV Deckenpfronn\u00a0 1:2 0:1\u00a0 30. Min Patrick Wolf 0:2\u00a0 57. Min Marc Baur 1:2\u00a0 76. Min Mit einer \u00fcberragenden Mannschaftsleistung gewinnt unsere 2. Mannschaft gegen starke Sindelfinger. Patrick Wolf brachte den SVD in der 30. Spielminute in F\u00fchrung. In der ein oder anderes Situation war auch ein Qu\u00e4ntchen Gl\u00fcck f\u00fcr den SVD &#8230; <a title=\"Spielbericht 2. Mannschaft\" class=\"read-more\" href=\"https:\/\/www.svdeckenpfronn.de\/?p=3785\" aria-label=\"Mehr Informationen \u00fcber Spielbericht 2. Mannschaft\">Weiterlesen<\/a><\/p>\n","protected":false},"author":6,"featured_media":0,"comment_status":"closed","ping_status":"closed","sticky":false,"template":"","format":"standard","meta":{"footnotes":""},"categories":[89],"tags":[],"class_list":["post-3785","post","type-post","status-publish","format-standard","hentry","category-2-mannschaft-2020-21"],"publishpress_future_action":{"enabled":false,"date":"2026-05-03 07:51:16","action":"change-status","newStatus":"draft","terms":[],"taxonomy":"category","extraData":[]},"publishpress_future_workflow_manual_trigger":{"enabledWorkflows":[]},"_links":{"self":[{"href":"https:\/\/www.svdeckenpfronn.de\/index.php?rest_route=\/wp\/v2\/posts\/3785","targetHints":{"allow":["GET"]}}],"collection":[{"href":"https:\/\/www.svdeckenpfronn.de\/index.php?rest_route=\/wp\/v2\/posts"}],"about":[{"href":"https:\/\/www.svdeckenpfronn.de\/index.php?rest_route=\/wp\/v2\/types\/post"}],"author":[{"embeddable":true,"href":"https:\/\/www.svdeckenpfronn.de\/index.php?rest_route=\/wp\/v2\/users\/6"}],"replies":[{"embeddable":true,"href":"https:\/\/www.svdeckenpfronn.de\/index.php?rest_route=%2Fwp%2Fv2%2Fcomments&post=3785"}],"version-history":[{"count":1,"href":"https:\/\/www.svdeckenpfronn.de\/index.php?rest_route=\/wp\/v2\/posts\/3785\/revisions"}],"predecessor-version":[{"id":3786,"href":"https:\/\/www.svdeckenpfronn.de\/index.php?rest_route=\/wp\/v2\/posts\/3785\/revisions\/3786"}],"wp:attachment":[{"href":"https:\/\/www.svdeckenpfronn.de\/index.php?rest_route=%2Fwp%2Fv2%2Fmedia&parent=3785"}],"wp:term":[{"taxonomy":"category","embeddable":true,"href":"https:\/\/www.svdeckenpfronn.de\/index.php?rest_route=%2Fwp%2Fv2%2Fcategories&post=3785"},{"taxonomy":"post_tag","embeddable":true,"href":"https:\/\/www.svdeckenpfronn.de\/index.php?rest_route=%2Fwp%2Fv2%2Ftags&post=3785"}],"curies":[{"name":"wp","href":"https:\/\/api.w.org\/{rel}","templated":true}]}}