{"id":3852,"date":"2020-10-05T09:26:24","date_gmt":"2020-10-05T07:26:24","guid":{"rendered":"http:\/\/www.svdeckenpfronn.de\/?p=3852"},"modified":"2021-07-26T18:55:55","modified_gmt":"2021-07-26T16:55:55","slug":"volleyballer-siegen-zum-saisonauftakt-in-rottenburg","status":"publish","type":"post","link":"https:\/\/www.svdeckenpfronn.de\/?p=3852","title":{"rendered":"Volleyballer siegen zum Saisonauftakt in Rottenburg"},"content":{"rendered":"<p><strong>TV Rottenburg 5 \u2013 SG G\u00e4u 1:3 (10:25 20:25 25:22 14:25)<\/strong><\/p>\n<p>Nach fast 7-monatiger Punktspielpause startete die SG G\u00e4u am letzten Wochenende erfolgreich in die neue Saison 20\/21: Bei der jungen Nachwuchsmannschaft des \u201eProfivereins\u201c TVR gelang ein letztlich ungef\u00e4hrdeter 3:1 Sieg.<\/p>\n<p>Die SG bestimmte vom ersten Ball an das Spielgeschehen, stand sicher in der Feldabwehr und schloss die eigenen Angriffe konsequent ab. Mitte des zweiten Satzes schaltete man sp\u00fcrbar einige G\u00e4nge zur\u00fcck und \u00fcberlie\u00df dem TVR das Spielgeschehen. Zwar reichte es auch im zweiten Satz zum knappen Satzgewinn, aber der TVR war jetzt besser im Spiel und konnte den dritten Satz f\u00fcr sich entscheiden. Den vierten Satz ging die SG wieder konzentrierter an und sicherte sich die ersten 3 Punkte.<\/p>\n<p>Dass man in dieser Saison noch auf deutlich st\u00e4rkere Gegner treffen wird, konnte man im zweiten Spiel des Tages sehen: Der PSV Reutlingen, n\u00e4chster Gegner der SG in 2 Wochen, gewann ebenfalls klar gegen den TVR und wird wohl eine ganz schwere Aufgabe im n\u00e4chsten Ausw\u00e4rtsspiel.<\/p>\n<p>F\u00fcr die SG G\u00e4u spielten Paco Campos, Klaus Dongus (SVD), Frank Schneeweis, Simone Spiller (SVD), Stephan Stock, Georg Titel (SVD) und HaJo Zeiss (SVD).<\/p>\n","protected":false},"excerpt":{"rendered":"<p>TV Rottenburg 5 \u2013 SG G\u00e4u 1:3 (10:25 20:25 25:22 14:25) Nach fast 7-monatiger Punktspielpause startete die SG G\u00e4u am letzten Wochenende erfolgreich in die neue Saison 20\/21: Bei der jungen Nachwuchsmannschaft des \u201eProfivereins\u201c TVR gelang ein letztlich ungef\u00e4hrdeter 3:1 Sieg. Die SG bestimmte vom ersten Ball an das Spielgeschehen, stand sicher in der Feldabwehr &#8230; <a title=\"Volleyballer siegen zum Saisonauftakt in Rottenburg\" class=\"read-more\" href=\"https:\/\/www.svdeckenpfronn.de\/?p=3852\" aria-label=\"Mehr Informationen \u00fcber Volleyballer siegen zum Saisonauftakt in Rottenburg\">Weiterlesen<\/a><\/p>\n","protected":false},"author":15,"featured_media":0,"comment_status":"closed","ping_status":"closed","sticky":false,"template":"","format":"standard","meta":{"footnotes":""},"categories":[91],"tags":[],"class_list":["post-3852","post","type-post","status-publish","format-standard","hentry","category-volleyball-2020-21"],"publishpress_future_action":{"enabled":false,"date":"2026-05-03 09:45:36","action":"change-status","newStatus":"draft","terms":[],"taxonomy":"category","extraData":[]},"publishpress_future_workflow_manual_trigger":{"enabledWorkflows":[]},"_links":{"self":[{"href":"https:\/\/www.svdeckenpfronn.de\/index.php?rest_route=\/wp\/v2\/posts\/3852","targetHints":{"allow":["GET"]}}],"collection":[{"href":"https:\/\/www.svdeckenpfronn.de\/index.php?rest_route=\/wp\/v2\/posts"}],"about":[{"href":"https:\/\/www.svdeckenpfronn.de\/index.php?rest_route=\/wp\/v2\/types\/post"}],"author":[{"embeddable":true,"href":"https:\/\/www.svdeckenpfronn.de\/index.php?rest_route=\/wp\/v2\/users\/15"}],"replies":[{"embeddable":true,"href":"https:\/\/www.svdeckenpfronn.de\/index.php?rest_route=%2Fwp%2Fv2%2Fcomments&post=3852"}],"version-history":[{"count":2,"href":"https:\/\/www.svdeckenpfronn.de\/index.php?rest_route=\/wp\/v2\/posts\/3852\/revisions"}],"predecessor-version":[{"id":3854,"href":"https:\/\/www.svdeckenpfronn.de\/index.php?rest_route=\/wp\/v2\/posts\/3852\/revisions\/3854"}],"wp:attachment":[{"href":"https:\/\/www.svdeckenpfronn.de\/index.php?rest_route=%2Fwp%2Fv2%2Fmedia&parent=3852"}],"wp:term":[{"taxonomy":"category","embeddable":true,"href":"https:\/\/www.svdeckenpfronn.de\/index.php?rest_route=%2Fwp%2Fv2%2Fcategories&post=3852"},{"taxonomy":"post_tag","embeddable":true,"href":"https:\/\/www.svdeckenpfronn.de\/index.php?rest_route=%2Fwp%2Fv2%2Ftags&post=3852"}],"curies":[{"name":"wp","href":"https:\/\/api.w.org\/{rel}","templated":true}]}}