{"id":3880,"date":"2020-10-18T20:22:27","date_gmt":"2020-10-18T18:22:27","guid":{"rendered":"http:\/\/www.svdeckenpfronn.de\/?p=3880"},"modified":"2021-07-26T18:37:48","modified_gmt":"2021-07-26T16:37:48","slug":"d2-spielbericht-vfl-sindelfingen-iv-kds-ii","status":"publish","type":"post","link":"https:\/\/www.svdeckenpfronn.de\/?p=3880","title":{"rendered":"D2 Spielbericht  VfL Sindelfingen IV &#8211; KDS II"},"content":{"rendered":"<p><strong>VfL Sindelfingen IV &#8211; KDS II\u00a0\u00a0\u00a0\u00a0 3-5\u00a0 (0-3)<\/strong><\/p>\n<p>Nach der Niederlage letzte Woche gegen Ehningen begann unsere Mannschaft in Sindelfingen sehr konzentriert und f\u00fchrte zur Halbzeit verdient durch 3 Tore von Jannik Sonntag mit 0-3 !<br \/>\nDurch die hohe Pausenf\u00fchrung im R\u00fccken wurde unser Team nachl\u00e4ssig und so kam es das Sindelfingen innerhalb von 15 min zum 3-3 ausgleichen konnte! Im Gegenzug gingen wir durch ein Tor von Nico Schneider erneut in F\u00fchrung. Mit seinem 4. Treffer kr\u00f6nte Jannik Sonntag seine gute Leistung zum Endstand von 3-5 !<\/p>\n<p><strong>Vorschau:\u00a0 Am Samstag, 24.10.2020, um 13.30 Uhr spielt die D2 gegen die USYS Academy Stuttgart\/Hildrizhausen auf dem Sportgel\u00e4nde Hildrizhausen. \u00dcber zahlreiche Zuschauer w\u00fcrden sich die Spieler freuen.<\/strong><\/p>\n","protected":false},"excerpt":{"rendered":"<p>VfL Sindelfingen IV &#8211; KDS II\u00a0\u00a0\u00a0\u00a0 3-5\u00a0 (0-3) Nach der Niederlage letzte Woche gegen Ehningen begann unsere Mannschaft in Sindelfingen sehr konzentriert und f\u00fchrte zur Halbzeit verdient durch 3 Tore von Jannik Sonntag mit 0-3 ! Durch die hohe Pausenf\u00fchrung im R\u00fccken wurde unser Team nachl\u00e4ssig und so kam es das Sindelfingen innerhalb von 15 &#8230; <a title=\"D2 Spielbericht  VfL Sindelfingen IV &#8211; KDS II\" class=\"read-more\" href=\"https:\/\/www.svdeckenpfronn.de\/?p=3880\" aria-label=\"Mehr Informationen \u00fcber D2 Spielbericht  VfL Sindelfingen IV &#8211; KDS II\">Weiterlesen<\/a><\/p>\n","protected":false},"author":2,"featured_media":0,"comment_status":"closed","ping_status":"closed","sticky":false,"template":"","format":"standard","meta":{"footnotes":""},"categories":[90],"tags":[],"class_list":["post-3880","post","type-post","status-publish","format-standard","hentry","category-d-jugend-202-21"],"publishpress_future_action":{"enabled":false,"date":"2026-05-03 11:14:24","action":"change-status","newStatus":"draft","terms":[],"taxonomy":"category","extraData":[]},"publishpress_future_workflow_manual_trigger":{"enabledWorkflows":[]},"_links":{"self":[{"href":"https:\/\/www.svdeckenpfronn.de\/index.php?rest_route=\/wp\/v2\/posts\/3880","targetHints":{"allow":["GET"]}}],"collection":[{"href":"https:\/\/www.svdeckenpfronn.de\/index.php?rest_route=\/wp\/v2\/posts"}],"about":[{"href":"https:\/\/www.svdeckenpfronn.de\/index.php?rest_route=\/wp\/v2\/types\/post"}],"author":[{"embeddable":true,"href":"https:\/\/www.svdeckenpfronn.de\/index.php?rest_route=\/wp\/v2\/users\/2"}],"replies":[{"embeddable":true,"href":"https:\/\/www.svdeckenpfronn.de\/index.php?rest_route=%2Fwp%2Fv2%2Fcomments&post=3880"}],"version-history":[{"count":1,"href":"https:\/\/www.svdeckenpfronn.de\/index.php?rest_route=\/wp\/v2\/posts\/3880\/revisions"}],"predecessor-version":[{"id":3881,"href":"https:\/\/www.svdeckenpfronn.de\/index.php?rest_route=\/wp\/v2\/posts\/3880\/revisions\/3881"}],"wp:attachment":[{"href":"https:\/\/www.svdeckenpfronn.de\/index.php?rest_route=%2Fwp%2Fv2%2Fmedia&parent=3880"}],"wp:term":[{"taxonomy":"category","embeddable":true,"href":"https:\/\/www.svdeckenpfronn.de\/index.php?rest_route=%2Fwp%2Fv2%2Fcategories&post=3880"},{"taxonomy":"post_tag","embeddable":true,"href":"https:\/\/www.svdeckenpfronn.de\/index.php?rest_route=%2Fwp%2Fv2%2Ftags&post=3880"}],"curies":[{"name":"wp","href":"https:\/\/api.w.org\/{rel}","templated":true}]}}