{"id":6012,"date":"2026-03-11T10:05:22","date_gmt":"2026-03-11T08:05:22","guid":{"rendered":"https:\/\/www.svdeckenpfronn.de\/?p=6012"},"modified":"2026-03-16T12:27:48","modified_gmt":"2026-03-16T10:27:48","slug":"jahreshauptversammlung-des-sv-deckenpfronn","status":"publish","type":"post","link":"https:\/\/www.svdeckenpfronn.de\/?p=6012","title":{"rendered":"Jahreshauptversammlung des SV Deckenpfronn"},"content":{"rendered":"\n<p>Vor knapp 100 Besuchern hielt der SV Deckenpfronn am vergangenen Samstag hielt seine 76. Jahreshauptversammlung ab \u2013 die erste in der neu gew\u00e4hlten Struktur. Repr\u00e4sentant Stephan Wick er\u00f6ffnete die Versammlung und gedachte den verstorbenen Vereinsmitgliedern. Danach ging es weiter mit den Berichten der anderen Vorst\u00e4nde. Steffen Marquardt als Vorstand f\u00fcr \u00d6ffentlichkeitsarbeit blickte auf das Jahr 2025 zur\u00fcck in dem die Spendenaktion f\u00fcr den Verein \u201eKrebskranke Kinder T\u00fcbingen e.V.\u201c im Rahmen des Wanderpokalturniers eine gute Sache war. Des Weiteren hatte er die Mitgliederzahlen parat. Mit 586 Mitgliedern in den drei Abteilungen Fu\u00dfball, Volleyball und Tischtennis ist der SVD der gr\u00f6\u00dfte Verein Deckenpfronns.<br>Dass es bei so vielen Mitgliedern einiges zu verwalten gibt, ging aus dem Kassenbericht von Oliver Schneider hervor. Er verlas die Kassenberichte der drei Abteilungen und anschlie\u00dfend den des Gesamtvereins. Der SV Deckenpfronn hat im abgelaufenen Jahr viel geschafft und gut gewirtschaftet, weshalb ein ordentliches Plus unter dem Strich steht. Allerdings tilgt der Verein noch einen Kredit ab und m\u00f6chte in naher Zukunft in ein modernes Kunstrasenspielfeld investieren. &nbsp;Kassenpr\u00fcfer Uwe Zacker best\u00e4tigt eine einwandfreie Buchf\u00fchrung und empfahl die Entlastung.<br>B\u00fcrgermeister Dennis Mews schob danach das Gru\u00dfwort der Gemeinde ein. F\u00fcr das Kunstrasen-Projekt sagte er die volle Unterst\u00fctzung seitens der Gemeinde zu. Weiter lobte er das ehrenamtliche Engagement des Vereins und bedankte sich f\u00fcr die gro\u00dfe Hilfe beim Jubil\u00e4um im Juli 2025. \u201eAuf den SVD ist Verlass. Vielen lieben Dank an jeden einzelnen, der hier mit anpackt.\u201c<\/p>\n\n\n\n<figure class=\"wp-block-gallery has-nested-images columns-default is-cropped wp-block-gallery-1 is-layout-flex wp-block-gallery-is-layout-flex\">\n<figure class=\"wp-block-image size-large\"><img loading=\"lazy\" decoding=\"async\" width=\"768\" height=\"1024\" data-id=\"6015\" src=\"https:\/\/www.svdeckenpfronn.de\/wp-content\/uploads\/2026\/03\/260307_Jahreshauptversammlung-3-768x1024.jpeg\" alt=\"\" class=\"wp-image-6015\" srcset=\"https:\/\/www.svdeckenpfronn.de\/wp-content\/uploads\/2026\/03\/260307_Jahreshauptversammlung-3-768x1024.jpeg 768w, https:\/\/www.svdeckenpfronn.de\/wp-content\/uploads\/2026\/03\/260307_Jahreshauptversammlung-3-225x300.jpeg 225w, https:\/\/www.svdeckenpfronn.de\/wp-content\/uploads\/2026\/03\/260307_Jahreshauptversammlung-3-1152x1536.jpeg 1152w, https:\/\/www.svdeckenpfronn.de\/wp-content\/uploads\/2026\/03\/260307_Jahreshauptversammlung-3.jpeg 1200w\" sizes=\"auto, (max-width: 768px) 100vw, 768px\" \/><\/figure>\n\n\n\n<figure class=\"wp-block-image size-large\"><img loading=\"lazy\" decoding=\"async\" width=\"768\" height=\"1024\" data-id=\"6013\" src=\"https:\/\/www.svdeckenpfronn.de\/wp-content\/uploads\/2026\/03\/260307_Jahreshauptversammlung-1-768x1024.jpeg\" alt=\"\" class=\"wp-image-6013\" srcset=\"https:\/\/www.svdeckenpfronn.de\/wp-content\/uploads\/2026\/03\/260307_Jahreshauptversammlung-1-768x1024.jpeg 768w, https:\/\/www.svdeckenpfronn.de\/wp-content\/uploads\/2026\/03\/260307_Jahreshauptversammlung-1-225x300.jpeg 225w, https:\/\/www.svdeckenpfronn.de\/wp-content\/uploads\/2026\/03\/260307_Jahreshauptversammlung-1-1152x1536.jpeg 1152w, https:\/\/www.svdeckenpfronn.de\/wp-content\/uploads\/2026\/03\/260307_Jahreshauptversammlung-1.jpeg 1200w\" sizes=\"auto, (max-width: 768px) 100vw, 768px\" \/><\/figure>\n\n\n\n<figure class=\"wp-block-image size-large\"><img loading=\"lazy\" decoding=\"async\" width=\"768\" height=\"1024\" data-id=\"6014\" src=\"https:\/\/www.svdeckenpfronn.de\/wp-content\/uploads\/2026\/03\/260307_Jahreshauptversammlung-8-768x1024.jpeg\" alt=\"\" class=\"wp-image-6014\" srcset=\"https:\/\/www.svdeckenpfronn.de\/wp-content\/uploads\/2026\/03\/260307_Jahreshauptversammlung-8-768x1024.jpeg 768w, https:\/\/www.svdeckenpfronn.de\/wp-content\/uploads\/2026\/03\/260307_Jahreshauptversammlung-8-225x300.jpeg 225w, https:\/\/www.svdeckenpfronn.de\/wp-content\/uploads\/2026\/03\/260307_Jahreshauptversammlung-8-1152x1536.jpeg 1152w, https:\/\/www.svdeckenpfronn.de\/wp-content\/uploads\/2026\/03\/260307_Jahreshauptversammlung-8.jpeg 1200w\" sizes=\"auto, (max-width: 768px) 100vw, 768px\" \/><\/figure>\n<\/figure>\n\n\n\n<p>Wobei die Vereinsmitglieder \u00fcberall angepackt haben, berichtete der Vorstand f\u00fcr Veranstaltungen, Alexander Boch. Ob beim traditionellen Hallenturnier, dem Gym24-Juniorcup, der Sichelhenke und vielen weiteren Veranstaltungen: Beim SVD war ordentlich was geboten.<br>Ebenfalls anpacken m\u00fcssen die Vereinsmitglieder, um die Sportanlagen in Schuss zu halten. Dennis Kauffmann als Vorstand f\u00fcr Liegenschaften, berichtete \u00fcber die Arbeitseins\u00e4tze im abgelaufenen Kalenderjahr und bedankte sich im Besonderen beim Platzwart-Team, die viele Stunden ehrenamtlich f\u00fcr die Platzpflege aufwenden.<\/p>\n\n\n\n<p>Abschlie\u00dfend folgten die Berichte der Sportabteilungen, angefangen mit den Fu\u00dfballern. Ralf Paulus als Abteilungsleiter berichtete \u00fcber die Erfolge der Nachwuchskicker in der vergangenen Saison und gab einen Zwischenstand f\u00fcr die aktuelle Saison durch. Bei den aktiven Mannschaften sind beide Teams aktuell im Soll und wollen in der R\u00fcckrunde noch ein paar Tabellenpl\u00e4tze klettern. Das erfolgreichste Team ist zweifelsohne seit Jahren die Deckenpfronner Inklusionsmannschaft, die auch 2025 wieder bei \u00fcberregionalen Turnieren ordentlich abger\u00e4umt hat. Dabei kommt der gesellige Teil nicht zu kurz und die Spielerinnen und Spieler identifizieren sich voll und ganz mit dem SVD.<br>Ebenso gesellig und dennoch sportlich, geht es bei den \u201eAttraktive Herren\u201c zu wie AH-Leiter Heiko B\u00fchler berichtete. Das w\u00f6chentliche Training h\u00e4lt die Gruppe fit und der Jahresausflug nach M\u00fcnchen war ein Highlight f\u00fcr alle Spieler.<\/p>\n\n\n\n<p>Bei den Volleyballern steht die Saison kurz vor dem Abschluss und eines der beiden Teams hat noch die Chance auf die Meisterschaft. Die Entscheidung f\u00e4llt am kommenden Wochenende.<br>Neben dem Sportlichen unternimmt die Abteilung jedes Jahr eine Bergtour und organisiert ein sogenanntes \u201eB\u00e4ndelesturnier\u201c.<\/p>\n\n\n\n<figure class=\"wp-block-gallery has-nested-images columns-default is-cropped wp-block-gallery-2 is-layout-flex wp-block-gallery-is-layout-flex\">\n<figure class=\"wp-block-image size-large\"><img loading=\"lazy\" decoding=\"async\" width=\"1024\" height=\"768\" data-id=\"6018\" src=\"https:\/\/www.svdeckenpfronn.de\/wp-content\/uploads\/2026\/03\/260307_Jahreshauptversammlung-9-1-1024x768.jpeg\" alt=\"\" class=\"wp-image-6018\" srcset=\"https:\/\/www.svdeckenpfronn.de\/wp-content\/uploads\/2026\/03\/260307_Jahreshauptversammlung-9-1-1024x768.jpeg 1024w, https:\/\/www.svdeckenpfronn.de\/wp-content\/uploads\/2026\/03\/260307_Jahreshauptversammlung-9-1-300x225.jpeg 300w, https:\/\/www.svdeckenpfronn.de\/wp-content\/uploads\/2026\/03\/260307_Jahreshauptversammlung-9-1-768x576.jpeg 768w, https:\/\/www.svdeckenpfronn.de\/wp-content\/uploads\/2026\/03\/260307_Jahreshauptversammlung-9-1-1536x1152.jpeg 1536w, https:\/\/www.svdeckenpfronn.de\/wp-content\/uploads\/2026\/03\/260307_Jahreshauptversammlung-9-1.jpeg 2040w\" sizes=\"auto, (max-width: 1024px) 100vw, 1024px\" \/><\/figure>\n\n\n\n<figure class=\"wp-block-image size-large\"><img loading=\"lazy\" decoding=\"async\" width=\"1024\" height=\"768\" data-id=\"6019\" src=\"https:\/\/www.svdeckenpfronn.de\/wp-content\/uploads\/2026\/03\/260307_Jahreshauptversammlung-11-1-1024x768.jpeg\" alt=\"\" class=\"wp-image-6019\" srcset=\"https:\/\/www.svdeckenpfronn.de\/wp-content\/uploads\/2026\/03\/260307_Jahreshauptversammlung-11-1-1024x768.jpeg 1024w, https:\/\/www.svdeckenpfronn.de\/wp-content\/uploads\/2026\/03\/260307_Jahreshauptversammlung-11-1-300x225.jpeg 300w, https:\/\/www.svdeckenpfronn.de\/wp-content\/uploads\/2026\/03\/260307_Jahreshauptversammlung-11-1-768x576.jpeg 768w, https:\/\/www.svdeckenpfronn.de\/wp-content\/uploads\/2026\/03\/260307_Jahreshauptversammlung-11-1-1536x1152.jpeg 1536w, https:\/\/www.svdeckenpfronn.de\/wp-content\/uploads\/2026\/03\/260307_Jahreshauptversammlung-11-1.jpeg 2040w\" sizes=\"auto, (max-width: 1024px) 100vw, 1024px\" \/><\/figure>\n<\/figure>\n\n\n\n<p>Martin Gro\u00df als Vertreter der Tischtennis-Abteilung berichtete \u00fcber die Aktivit\u00e4ten im Jahr 2025. Aktuell gibt es kein Team, dass aktiv an einem Wettbewerb teilnimmt, doch trainiert wird trotzdem regelm\u00e4\u00dfig. Das Jedermann-Turnier im November fand gro\u00dfen Anklang und war ein voller Erfolg f\u00fcr den Tischtennis-Sport.<\/p>\n\n\n\n<p>Nach den ganzen Berichten f\u00fchrte Lothar Schneider die Entlastung durch. Einstimmig wurde diese von den anwesenden Vereinsmitgliedern beschlossen. Als Ehrenamtsbeauftragte war Monika Reichert anschlie\u00dfend f\u00fcr die Ehrungen zust\u00e4ndig. Robin Egeler ist seit 25 Jahren Mitglied des Vereins. Doppelt so lange halten Dirk Egeler und Hans-J\u00fcrgen Weiss dem SVD die Treue.<br>Sogar 60 Jahre sind Werner Paulus und Dieter Decker bereits SVD-Mitglieder. F\u00fcr sie gab es jeweils eine Urkunde und einen Geschenkkorb.<\/p>\n\n\n\n<p>Bevor Repr\u00e4sentant Stephan Wick die Versammlung beschloss, gab er noch einen Ausblick auf die anstehenden Veranstaltungen im Jahr 2026, in dem der SVD sein 90-j\u00e4hriges Bestehen feiert. Beim Festwochenende im April wird in der Gemeindehalle einiges geboten sein und im Juli wird drei Tage lang auf dem Sportgel\u00e4nde gefeiert.<\/p>\n\n\n\n<p>Nach knapp zwei Stunden war der offizielle Teil beendet und die Vereinsmitglieder sa\u00dfen noch einige Stunden bei bester Bewirtung im Sportheim.<\/p>\n\n\n","protected":false},"excerpt":{"rendered":"<p>Vor knapp 100 Besuchern hielt der SV Deckenpfronn am vergangenen Samstag hielt seine 76. Jahreshauptversammlung ab \u2013 die erste in der neu gew\u00e4hlten Struktur. Repr\u00e4sentant Stephan Wick er\u00f6ffnete die Versammlung und gedachte den verstorbenen Vereinsmitgliedern. Danach ging es weiter mit den Berichten der anderen Vorst\u00e4nde. Steffen Marquardt als Vorstand f\u00fcr \u00d6ffentlichkeitsarbeit blickte auf das Jahr &#8230; <a title=\"Jahreshauptversammlung des SV Deckenpfronn\" class=\"read-more\" href=\"https:\/\/www.svdeckenpfronn.de\/?p=6012\" aria-label=\"Mehr Informationen \u00fcber Jahreshauptversammlung des SV Deckenpfronn\">Weiterlesen<\/a><\/p>\n","protected":false},"author":24,"featured_media":6020,"comment_status":"closed","ping_status":"closed","sticky":false,"template":"","format":"standard","meta":{"footnotes":""},"categories":[110],"tags":[],"class_list":["post-6012","post","type-post","status-publish","format-standard","has-post-thumbnail","hentry","category-vereinsleben"],"publishpress_future_action":{"enabled":false,"date":"2026-05-04 03:56:34","action":"change-status","newStatus":"draft","terms":[],"taxonomy":"category","extraData":[]},"publishpress_future_workflow_manual_trigger":{"enabledWorkflows":[]},"_links":{"self":[{"href":"https:\/\/www.svdeckenpfronn.de\/index.php?rest_route=\/wp\/v2\/posts\/6012","targetHints":{"allow":["GET"]}}],"collection":[{"href":"https:\/\/www.svdeckenpfronn.de\/index.php?rest_route=\/wp\/v2\/posts"}],"about":[{"href":"https:\/\/www.svdeckenpfronn.de\/index.php?rest_route=\/wp\/v2\/types\/post"}],"author":[{"embeddable":true,"href":"https:\/\/www.svdeckenpfronn.de\/index.php?rest_route=\/wp\/v2\/users\/24"}],"replies":[{"embeddable":true,"href":"https:\/\/www.svdeckenpfronn.de\/index.php?rest_route=%2Fwp%2Fv2%2Fcomments&post=6012"}],"version-history":[{"count":2,"href":"https:\/\/www.svdeckenpfronn.de\/index.php?rest_route=\/wp\/v2\/posts\/6012\/revisions"}],"predecessor-version":[{"id":6034,"href":"https:\/\/www.svdeckenpfronn.de\/index.php?rest_route=\/wp\/v2\/posts\/6012\/revisions\/6034"}],"wp:featuredmedia":[{"embeddable":true,"href":"https:\/\/www.svdeckenpfronn.de\/index.php?rest_route=\/wp\/v2\/media\/6020"}],"wp:attachment":[{"href":"https:\/\/www.svdeckenpfronn.de\/index.php?rest_route=%2Fwp%2Fv2%2Fmedia&parent=6012"}],"wp:term":[{"taxonomy":"category","embeddable":true,"href":"https:\/\/www.svdeckenpfronn.de\/index.php?rest_route=%2Fwp%2Fv2%2Fcategories&post=6012"},{"taxonomy":"post_tag","embeddable":true,"href":"https:\/\/www.svdeckenpfronn.de\/index.php?rest_route=%2Fwp%2Fv2%2Ftags&post=6012"}],"curies":[{"name":"wp","href":"https:\/\/api.w.org\/{rel}","templated":true}]}}