{"id":6027,"date":"2026-03-15T22:14:00","date_gmt":"2026-03-15T20:14:00","guid":{"rendered":"https:\/\/www.svdeckenpfronn.de\/?p=6027"},"modified":"2026-03-16T12:15:00","modified_gmt":"2026-03-16T10:15:00","slug":"spielbericht-kreisliga-b-14-spieltag-sv-moetzingen-sv-deckenpfronn-ii-16","status":"publish","type":"post","link":"https:\/\/www.svdeckenpfronn.de\/?p=6027","title":{"rendered":"Spielbericht Kreisliga B 14. Spieltag SV M\u00f6tzingen \u2013 SV Deckenpfronn II 1:6"},"content":{"rendered":"\n<p>Nach vier Liga-Niederlagen in Serie ist f\u00fcr die Deckenpfronner Zweite der Zug nach oben abgefahren. Im Tabellenmittelfeld gilt es nun noch ein paar Pl\u00e4tze gut zu machen und vor allem gegen die schw\u00e4cheren Teams zu punkten. Deshalb war vor dem Spiel gegen das sieglose Schlusslicht aus M\u00f6tzingen klar, dass alles andere als ein klarer Sieg eine Entt\u00e4uschung w\u00e4re. Co-Spielertrainer<br>Manuel Neubert brachte sein Team bereits nach zwei Minuten auf die Siegerstra\u00dfe. Es dauerte ein paar Minuten, ehe Patrick de Biasio (22.) und Spielertrainer Timo Braun (26.) per Doppelschlag zur komfortablen 3:0-F\u00fchrung aus Sicht des SVD erh\u00f6hten. Kurz vor der Pause traf Yannik Schneider zum 4:0 f\u00fcr den SVD II (44.) und damit war das Spiel im Grunde schon durch.<br>Im zweiten Durchgang passten sich die Mannen in Gr\u00fcn dem Niveau des Gegners ein wenig an. Dennoch machten sie durch die Tore von Leon Braun (70.) und Aaron Paulus (88.) das halbe Dutzend voll. Einziger Makel war das Gegentor in der 80. Spielminute \u00fcber das sich Torwart Michael St\u00f6ffler zu Recht \u00e4rgerte.<br>Der SVD II bleibt damit Sechster in der Kreisliga B und ist mit sechs Siegen und sechs Niederlagen Mittelma\u00df.<\/p>\n\n\n","protected":false},"excerpt":{"rendered":"<p>Nach vier Liga-Niederlagen in Serie ist f\u00fcr die Deckenpfronner Zweite der Zug nach oben abgefahren. Im Tabellenmittelfeld gilt es nun noch ein paar Pl\u00e4tze gut zu machen und vor allem gegen die schw\u00e4cheren Teams zu punkten. Deshalb war vor dem Spiel gegen das sieglose Schlusslicht aus M\u00f6tzingen klar, dass alles andere als ein klarer Sieg &#8230; <a title=\"Spielbericht Kreisliga B 14. Spieltag SV M\u00f6tzingen \u2013 SV Deckenpfronn II 1:6\" class=\"read-more\" href=\"https:\/\/www.svdeckenpfronn.de\/?p=6027\" aria-label=\"Mehr Informationen \u00fcber Spielbericht Kreisliga B 14. Spieltag SV M\u00f6tzingen \u2013 SV Deckenpfronn II 1:6\">Weiterlesen<\/a><\/p>\n","protected":false},"author":24,"featured_media":0,"comment_status":"closed","ping_status":"closed","sticky":false,"template":"","format":"standard","meta":{"footnotes":""},"categories":[5],"tags":[],"class_list":["post-6027","post","type-post","status-publish","format-standard","hentry","category-2-mannschaft"],"publishpress_future_action":{"enabled":false,"date":"2026-05-09 12:57:17","action":"change-status","newStatus":"draft","terms":[],"taxonomy":"category","extraData":[]},"publishpress_future_workflow_manual_trigger":{"enabledWorkflows":[]},"_links":{"self":[{"href":"https:\/\/www.svdeckenpfronn.de\/index.php?rest_route=\/wp\/v2\/posts\/6027","targetHints":{"allow":["GET"]}}],"collection":[{"href":"https:\/\/www.svdeckenpfronn.de\/index.php?rest_route=\/wp\/v2\/posts"}],"about":[{"href":"https:\/\/www.svdeckenpfronn.de\/index.php?rest_route=\/wp\/v2\/types\/post"}],"author":[{"embeddable":true,"href":"https:\/\/www.svdeckenpfronn.de\/index.php?rest_route=\/wp\/v2\/users\/24"}],"replies":[{"embeddable":true,"href":"https:\/\/www.svdeckenpfronn.de\/index.php?rest_route=%2Fwp%2Fv2%2Fcomments&post=6027"}],"version-history":[{"count":1,"href":"https:\/\/www.svdeckenpfronn.de\/index.php?rest_route=\/wp\/v2\/posts\/6027\/revisions"}],"predecessor-version":[{"id":6028,"href":"https:\/\/www.svdeckenpfronn.de\/index.php?rest_route=\/wp\/v2\/posts\/6027\/revisions\/6028"}],"wp:attachment":[{"href":"https:\/\/www.svdeckenpfronn.de\/index.php?rest_route=%2Fwp%2Fv2%2Fmedia&parent=6027"}],"wp:term":[{"taxonomy":"category","embeddable":true,"href":"https:\/\/www.svdeckenpfronn.de\/index.php?rest_route=%2Fwp%2Fv2%2Fcategories&post=6027"},{"taxonomy":"post_tag","embeddable":true,"href":"https:\/\/www.svdeckenpfronn.de\/index.php?rest_route=%2Fwp%2Fv2%2Ftags&post=6027"}],"curies":[{"name":"wp","href":"https:\/\/api.w.org\/{rel}","templated":true}]}}