{"id":6029,"date":"2026-03-15T22:15:00","date_gmt":"2026-03-15T20:15:00","guid":{"rendered":"https:\/\/www.svdeckenpfronn.de\/?p=6029"},"modified":"2026-03-16T12:15:49","modified_gmt":"2026-03-16T10:15:49","slug":"spielbericht-bezirksliga-18-spieltag-croatia-stuttgart-sv-deckenpfronn-12","status":"publish","type":"post","link":"https:\/\/www.svdeckenpfronn.de\/?p=6029","title":{"rendered":"Spielbericht Bezirksliga 18. Spieltag Croatia Stuttgart &#8211; SV Deckenpfronn 1:2"},"content":{"rendered":"\n<p>Zum ersten Ausw\u00e4rtsspiel in der Bezirksliga ging es f\u00fcr das Team von SVD-Coach Alex Thies zu den abstiegsgef\u00e4hrdeten Kroaten aus Stuttgart. Dabei verlief die Anreise alles andere als unproblematisch. Mit dem Bus gings nach Stuttgart und dieser hatte leider einige Minuten Versp\u00e4tung. Zu allem \u00dcberfluss hatte die Mannschaft die neuen Trikots in Deckenpfronn vergessen und bekam diese von den Kameraden der zweiten Mannschaft auf dem Weg nachgeliefert.<br \/>Deshalb gab es auch nur eine kurze Warmmachphase, doch diese schien genau richtig f\u00fcr die Deckenpfronner gewesen zu sein. Die Mannschaft startete gut ins Spiel und war den Gastgebern \u00fcberlegen. Umso bitterer war dann der R\u00fcckstand mit quasi dem ersten Torschuss f\u00fcr Croatia. Nach einem vermeidbaren Eckball wurde die Deckenpfronner Schw\u00e4che bei gegnerischen Standards offen gelegt und es stand 1:0 f\u00fcr die Stuttgarter (15.).<br \/>Der SVD sch\u00fcttelte sich kurz und schn\u00fcrte danach die Hausherren durch Ballbesitzfu\u00dfball in deren H\u00e4lfte ein. Es gab viele Zweik\u00e4mpfe und dadurch auch viele Fouls. Die Deckenpfronner hatten am kroatischen Abwehrbollwerk zu knabbern und konnten dieses erst Mitte der zweiten H\u00e4lfte knacken. SVD-Kapit\u00e4n Marvin Wolf schickte Co-Spielertrainer Timo Schwarz mit einem langen Ball in Richtung Croatia-Tor. Der 28-j\u00e4hrige Offensivmann scheiterte mit seinem Schuss zun\u00e4chst am Torh\u00fcter, doch Matthias Mergel stand wenige Augenblicke nach seiner Einwechslung goldrichtig und schob den Abpraller ein (66.). Auf Grund des deutlichen Chancen\u00fcbergewichts war der Ausgleich \u00fcberaus verdient. Doch der SVD wollte mehr als nur einen Punkt und legte sich weiterhin ins Zeug. Auf der Gegenseite galt es immer wieder bange Momente zu \u00fcberstehen, wenn Croatia einen Freisto\u00df oder eine Ecke zugesprochen bekam.<br \/>So liefen die Minuten ab und es bahnte sich ein Remis an, doch erneut war Marvin Wolf an einer spielentscheidenden Aktion beteiligt. Der 27-j\u00e4hrige lief seinen Gegner aggressiv an und eroberte dadurch den Ball kurz vor der Mittellinie. Er lief mit dem Ball durchs Mittelfeld und bediente seinen eingewechselten Kumpel Niklas Wunsch. Das Geburtstagskind machte mit seinem 15. Saisontreffer sich nicht nur selbst ein Geschenk, sondern lie\u00df alle SVDler jubeln, sodass die R\u00fcckfahrt im Bus zu einer echten Party wurde.<br \/>Durch diesen 2:1-Sieg ist der SV Deckenpfronn auf Platz neun in der Bezirksliga geklettert und erwartet mit dem TSV Musberg einen Konkurrenten aus dem Tabellenmittelfeld am kommenden Spieltag im H&amp;B-Fu\u00dfballzentrum.<\/p>\n","protected":false},"excerpt":{"rendered":"<p>Zum ersten Ausw\u00e4rtsspiel in der Bezirksliga ging es f\u00fcr das Team von SVD-Coach Alex Thies zu den abstiegsgef\u00e4hrdeten Kroaten aus Stuttgart. Dabei verlief die Anreise alles andere als unproblematisch. Mit dem Bus gings nach Stuttgart und dieser hatte leider einige Minuten Versp\u00e4tung. Zu allem \u00dcberfluss hatte die Mannschaft die neuen Trikots in Deckenpfronn vergessen und &#8230; <a title=\"Spielbericht Bezirksliga 18. Spieltag Croatia Stuttgart &#8211; SV Deckenpfronn 1:2\" class=\"read-more\" href=\"https:\/\/www.svdeckenpfronn.de\/?p=6029\" aria-label=\"Mehr Informationen \u00fcber Spielbericht Bezirksliga 18. Spieltag Croatia Stuttgart &#8211; SV Deckenpfronn 1:2\">Weiterlesen<\/a><\/p>\n","protected":false},"author":24,"featured_media":0,"comment_status":"closed","ping_status":"closed","sticky":false,"template":"","format":"standard","meta":{"footnotes":""},"categories":[4],"tags":[],"class_list":["post-6029","post","type-post","status-publish","format-standard","hentry","category-1-mannschaft"],"publishpress_future_action":{"enabled":false,"date":"2026-05-09 12:51:49","action":"change-status","newStatus":"draft","terms":[],"taxonomy":"category","extraData":[]},"publishpress_future_workflow_manual_trigger":{"enabledWorkflows":[]},"_links":{"self":[{"href":"https:\/\/www.svdeckenpfronn.de\/index.php?rest_route=\/wp\/v2\/posts\/6029","targetHints":{"allow":["GET"]}}],"collection":[{"href":"https:\/\/www.svdeckenpfronn.de\/index.php?rest_route=\/wp\/v2\/posts"}],"about":[{"href":"https:\/\/www.svdeckenpfronn.de\/index.php?rest_route=\/wp\/v2\/types\/post"}],"author":[{"embeddable":true,"href":"https:\/\/www.svdeckenpfronn.de\/index.php?rest_route=\/wp\/v2\/users\/24"}],"replies":[{"embeddable":true,"href":"https:\/\/www.svdeckenpfronn.de\/index.php?rest_route=%2Fwp%2Fv2%2Fcomments&post=6029"}],"version-history":[{"count":1,"href":"https:\/\/www.svdeckenpfronn.de\/index.php?rest_route=\/wp\/v2\/posts\/6029\/revisions"}],"predecessor-version":[{"id":6030,"href":"https:\/\/www.svdeckenpfronn.de\/index.php?rest_route=\/wp\/v2\/posts\/6029\/revisions\/6030"}],"wp:attachment":[{"href":"https:\/\/www.svdeckenpfronn.de\/index.php?rest_route=%2Fwp%2Fv2%2Fmedia&parent=6029"}],"wp:term":[{"taxonomy":"category","embeddable":true,"href":"https:\/\/www.svdeckenpfronn.de\/index.php?rest_route=%2Fwp%2Fv2%2Fcategories&post=6029"},{"taxonomy":"post_tag","embeddable":true,"href":"https:\/\/www.svdeckenpfronn.de\/index.php?rest_route=%2Fwp%2Fv2%2Ftags&post=6029"}],"curies":[{"name":"wp","href":"https:\/\/api.w.org\/{rel}","templated":true}]}}