{"id":6133,"date":"2026-04-25T16:31:49","date_gmt":"2026-04-25T14:31:49","guid":{"rendered":"https:\/\/www.svdeckenpfronn.de\/?p=6133"},"modified":"2026-04-27T16:32:32","modified_gmt":"2026-04-27T14:32:32","slug":"f2-in-nufringen-auftakt-zur-wfv-runde-auf-dem-feld","status":"publish","type":"post","link":"https:\/\/www.svdeckenpfronn.de\/?p=6133","title":{"rendered":"F2 in Nufringen &#8211; Auftakt zur WFV\u2011Runde auf dem Feld"},"content":{"rendered":"\n<p>Die F2 des SV Deckenpfronn ist am Samstag, den 25. April, in Nufringen in die WFV\u2011Runde gestartet. Von der ersten Minute an war zu sehen, wie viel Freude, Spa\u00df und Teamgeist in unseren Nachwuchskickern steckt. Auch wenn nicht jedes Spiel gewonnen wurde, war der gesamte Spieltag bei sommerlichen Temperaturen ein voller Erfolg: starke Zweik\u00e4mpfe, kluge P\u00e4sse, sch\u00f6ne Tore und eine Mannschaft, die gemeinsam immer besser wird. Die Kids haben sich in jedem Spiel gesteigert und gezeigt, wie viel sie bereits gelernt haben. Besonders beeindruckend waren die ungebremste Spielfreude, die Leidenschaft, der Zusammenhalt und der Spa\u00df \u2013 genau das, was im Fu\u00dfball in diesem Alter wirklich z\u00e4hlt. Und davon gab es reichlich. Ein gro\u00dfes Lob an unsere Nachwuchskicker \u2013 wir freuen uns auf mehr.<\/p>\n","protected":false},"excerpt":{"rendered":"<p>Die F2 des SV Deckenpfronn ist am Samstag, den 25. April, in Nufringen in die WFV\u2011Runde gestartet. Von der ersten Minute an war zu sehen, wie viel Freude, Spa\u00df und Teamgeist in unseren Nachwuchskickern steckt. Auch wenn nicht jedes Spiel gewonnen wurde, war der gesamte Spieltag bei sommerlichen Temperaturen ein voller Erfolg: starke Zweik\u00e4mpfe, kluge &#8230; <a title=\"F2 in Nufringen &#8211; Auftakt zur WFV\u2011Runde auf dem Feld\" class=\"read-more\" href=\"https:\/\/www.svdeckenpfronn.de\/?p=6133\" aria-label=\"Mehr Informationen \u00fcber F2 in Nufringen &#8211; Auftakt zur WFV\u2011Runde auf dem Feld\">Weiterlesen<\/a><\/p>\n","protected":false},"author":24,"featured_media":6135,"comment_status":"closed","ping_status":"closed","sticky":false,"template":"","format":"standard","meta":{"footnotes":""},"categories":[16],"tags":[],"class_list":["post-6133","post","type-post","status-publish","format-standard","has-post-thumbnail","hentry","category-f2-jugend"],"publishpress_future_action":{"enabled":false,"date":"2026-05-05 14:50:58","action":"change-status","newStatus":"draft","terms":[],"taxonomy":"category","extraData":[]},"publishpress_future_workflow_manual_trigger":{"enabledWorkflows":[]},"_links":{"self":[{"href":"https:\/\/www.svdeckenpfronn.de\/index.php?rest_route=\/wp\/v2\/posts\/6133","targetHints":{"allow":["GET"]}}],"collection":[{"href":"https:\/\/www.svdeckenpfronn.de\/index.php?rest_route=\/wp\/v2\/posts"}],"about":[{"href":"https:\/\/www.svdeckenpfronn.de\/index.php?rest_route=\/wp\/v2\/types\/post"}],"author":[{"embeddable":true,"href":"https:\/\/www.svdeckenpfronn.de\/index.php?rest_route=\/wp\/v2\/users\/24"}],"replies":[{"embeddable":true,"href":"https:\/\/www.svdeckenpfronn.de\/index.php?rest_route=%2Fwp%2Fv2%2Fcomments&post=6133"}],"version-history":[{"count":1,"href":"https:\/\/www.svdeckenpfronn.de\/index.php?rest_route=\/wp\/v2\/posts\/6133\/revisions"}],"predecessor-version":[{"id":6134,"href":"https:\/\/www.svdeckenpfronn.de\/index.php?rest_route=\/wp\/v2\/posts\/6133\/revisions\/6134"}],"wp:featuredmedia":[{"embeddable":true,"href":"https:\/\/www.svdeckenpfronn.de\/index.php?rest_route=\/wp\/v2\/media\/6135"}],"wp:attachment":[{"href":"https:\/\/www.svdeckenpfronn.de\/index.php?rest_route=%2Fwp%2Fv2%2Fmedia&parent=6133"}],"wp:term":[{"taxonomy":"category","embeddable":true,"href":"https:\/\/www.svdeckenpfronn.de\/index.php?rest_route=%2Fwp%2Fv2%2Fcategories&post=6133"},{"taxonomy":"post_tag","embeddable":true,"href":"https:\/\/www.svdeckenpfronn.de\/index.php?rest_route=%2Fwp%2Fv2%2Ftags&post=6133"}],"curies":[{"name":"wp","href":"https:\/\/api.w.org\/{rel}","templated":true}]}}