{"id":6147,"date":"2026-04-25T20:51:00","date_gmt":"2026-04-25T18:51:00","guid":{"rendered":"https:\/\/www.svdeckenpfronn.de\/?p=6147"},"modified":"2026-04-29T10:52:32","modified_gmt":"2026-04-29T08:52:32","slug":"hallenfinale-baden-wuerttemberg-in-fellbach-sv-deckenpfronn-iii","status":"publish","type":"post","link":"https:\/\/www.svdeckenpfronn.de\/?p=6147","title":{"rendered":"Hallenfinale Baden-W\u00fcrttemberg in Fellbach \u2013 SV Deckenpfronn III"},"content":{"rendered":"\n<p>Der SV Deckenpfronn 3, trat am 25.04.26 beim Hallenfinale Baden-W\u00fcrttemberg in Fellbach an und zeigte von Beginn an eine mutige, k\u00e4mpferische Leistung. Dort kommen jedes Jahr die besten Mannschaften aus dem ganzen Bundesland zusammen, um den Landesmeister im Hallenfu\u00dfball zu ermitteln. Das Motto des Tages lautete: zusammenhalten, alles geben, jeden Moment nutzen. Und das Team lieferte genau das ab.<\/p>\n\n\n\n<p>Vormittagsstart mit drei Siegen aus drei Spielen:<\/p>\n\n\n\n<ul class=\"wp-block-list\">\n<li>Erstes Spiel: 2:1 gegen BSG Neckarsulm \u2013 ein starker Auftakt, klare K\u00f6rpersprache und entschlossener Einsatz f\u00fchrten zum verdienten Sieg.<\/li>\n\n\n\n<li>Zweites Spiel: 3:1 gegen Caritas Pforzheim \u2013 \u00fcberzeugender Auftritt mit gutem Kombinationsspiel und Abschlussst\u00e4rke.<\/li>\n\n\n\n<li>Drittes Spiel: 4:1 gegen 1.CFR Pforzheim \u2013 druckvolle Offensive gepaart mit sicherer Defensive. Ein hochverdienter Sieg gegen den sp\u00e4teren Tabellendritten.<\/li>\n<\/ul>\n\n\n\n<p>Nach einer Mittagspause tankten wir Kraft und starteten erneut voller Elan in die verbleibenden drei Spiele. Das vierte Spiel war mehr als souver\u00e4n:<\/p>\n\n\n\n<ul class=\"wp-block-list\">\n<li>6:0 gegen Wimmer-Hattricks Lahr \u2013 klare Dominanz, alle bekamen viel Spielzeit, und wir nahezu jeden Angriff, um weiter Selbstvertrauen zu tanken.<\/li>\n<\/ul>\n\n\n\n<p>Das vorgezogene \u201eFinale\u201c in Nummer f\u00fcnf der Gruppe brachte die Entscheidung:<\/p>\n\n\n\n<ul class=\"wp-block-list\">\n<li>1:4 gegen Wilhelmsdorf \u2013 fr\u00fcher R\u00fcckstand und am Ende ein verdienter Sieg f\u00fcr Wilhelmsdorf, dennoch zeigten wir makellose Einsatzbereitschaft und blieben fair. Auch wenn der Erfolg diesmal ausblieb, da Wilhelmsdorf neben einer starken Chancenverwertung auch einen \u00fcberragenden Torwart aufbieten konnte. Herzlichen Gl\u00fcckwunsch an dieser Stelle nach Wilhelmsdorf zum verdienten Titel.<\/li>\n<\/ul>\n\n\n\n<p>Letztes Spiel des Tages:<\/p>\n\n\n\n<ul class=\"wp-block-list\">\n<li>3:2 Sieg gegen Selbsthilfe Freiburg \u2013 Kampf und Teamzusammenhalt f\u00fchrten zum positiven Abschluss des Turniertages.<\/li>\n<\/ul>\n\n\n\n<p>Alle Spieler waren zufrieden und wir konnten die Heimreise ohne Verletzte antreten. Herzlichen Gl\u00fcckwunsch zum Vizemeister in Baden-W\u00fcrttemberg! Darauf kann man wirklich stolz sein. Ein mutiger Auftritt, eine positive Teamchemie und eine starke Mentalit\u00e4t kennzeichneten unseren Tag. Wir standen eng beisammen, k\u00e4mpften um jeden Ball und lie\u00dfen uns auch von kleinen R\u00fcckschl\u00e4gen nicht aus dem Konzept bringen.<\/p>\n\n\n\n<p>Gespielt haben: J\u00f6rg Teichner, Heiko Rein, Burak Sahin, Fatih Eren, David Wulfrath, Andreas Heinrich, Marco Scharpfenecker, Patrick Rennert.<\/p>\n\n\n\n<figure class=\"wp-block-image size-large\"><img loading=\"lazy\" decoding=\"async\" width=\"1024\" height=\"768\" src=\"https:\/\/www.svdeckenpfronn.de\/wp-content\/uploads\/2026\/04\/260425_Hallenfinale-BaWue-in-Fellbach-1-1024x768.jpg\" alt=\"\" class=\"wp-image-6148\" srcset=\"https:\/\/www.svdeckenpfronn.de\/wp-content\/uploads\/2026\/04\/260425_Hallenfinale-BaWue-in-Fellbach-1-1024x768.jpg 1024w, https:\/\/www.svdeckenpfronn.de\/wp-content\/uploads\/2026\/04\/260425_Hallenfinale-BaWue-in-Fellbach-1-300x225.jpg 300w, https:\/\/www.svdeckenpfronn.de\/wp-content\/uploads\/2026\/04\/260425_Hallenfinale-BaWue-in-Fellbach-1-768x576.jpg 768w, https:\/\/www.svdeckenpfronn.de\/wp-content\/uploads\/2026\/04\/260425_Hallenfinale-BaWue-in-Fellbach-1-1536x1152.jpg 1536w, https:\/\/www.svdeckenpfronn.de\/wp-content\/uploads\/2026\/04\/260425_Hallenfinale-BaWue-in-Fellbach-1-2048x1536.jpg 2048w\" sizes=\"auto, (max-width: 1024px) 100vw, 1024px\" \/><\/figure>\n\n\n","protected":false},"excerpt":{"rendered":"<p>Der SV Deckenpfronn 3, trat am 25.04.26 beim Hallenfinale Baden-W\u00fcrttemberg in Fellbach an und zeigte von Beginn an eine mutige, k\u00e4mpferische Leistung. Dort kommen jedes Jahr die besten Mannschaften aus dem ganzen Bundesland zusammen, um den Landesmeister im Hallenfu\u00dfball zu ermitteln. Das Motto des Tages lautete: zusammenhalten, alles geben, jeden Moment nutzen. Und das Team &#8230; <a title=\"Hallenfinale Baden-W\u00fcrttemberg in Fellbach \u2013 SV Deckenpfronn III\" class=\"read-more\" href=\"https:\/\/www.svdeckenpfronn.de\/?p=6147\" aria-label=\"Mehr Informationen \u00fcber Hallenfinale Baden-W\u00fcrttemberg in Fellbach \u2013 SV Deckenpfronn III\">Weiterlesen<\/a><\/p>\n","protected":false},"author":24,"featured_media":6149,"comment_status":"closed","ping_status":"closed","sticky":false,"template":"","format":"standard","meta":{"footnotes":""},"categories":[20],"tags":[],"class_list":["post-6147","post","type-post","status-publish","format-standard","has-post-thumbnail","hentry","category-inklusionsmannschaft"],"publishpress_future_action":{"enabled":false,"date":"2026-05-07 00:13:21","action":"change-status","newStatus":"draft","terms":[],"taxonomy":"category","extraData":[]},"publishpress_future_workflow_manual_trigger":{"enabledWorkflows":[]},"_links":{"self":[{"href":"https:\/\/www.svdeckenpfronn.de\/index.php?rest_route=\/wp\/v2\/posts\/6147","targetHints":{"allow":["GET"]}}],"collection":[{"href":"https:\/\/www.svdeckenpfronn.de\/index.php?rest_route=\/wp\/v2\/posts"}],"about":[{"href":"https:\/\/www.svdeckenpfronn.de\/index.php?rest_route=\/wp\/v2\/types\/post"}],"author":[{"embeddable":true,"href":"https:\/\/www.svdeckenpfronn.de\/index.php?rest_route=\/wp\/v2\/users\/24"}],"replies":[{"embeddable":true,"href":"https:\/\/www.svdeckenpfronn.de\/index.php?rest_route=%2Fwp%2Fv2%2Fcomments&post=6147"}],"version-history":[{"count":1,"href":"https:\/\/www.svdeckenpfronn.de\/index.php?rest_route=\/wp\/v2\/posts\/6147\/revisions"}],"predecessor-version":[{"id":6150,"href":"https:\/\/www.svdeckenpfronn.de\/index.php?rest_route=\/wp\/v2\/posts\/6147\/revisions\/6150"}],"wp:featuredmedia":[{"embeddable":true,"href":"https:\/\/www.svdeckenpfronn.de\/index.php?rest_route=\/wp\/v2\/media\/6149"}],"wp:attachment":[{"href":"https:\/\/www.svdeckenpfronn.de\/index.php?rest_route=%2Fwp%2Fv2%2Fmedia&parent=6147"}],"wp:term":[{"taxonomy":"category","embeddable":true,"href":"https:\/\/www.svdeckenpfronn.de\/index.php?rest_route=%2Fwp%2Fv2%2Fcategories&post=6147"},{"taxonomy":"post_tag","embeddable":true,"href":"https:\/\/www.svdeckenpfronn.de\/index.php?rest_route=%2Fwp%2Fv2%2Ftags&post=6147"}],"curies":[{"name":"wp","href":"https:\/\/api.w.org\/{rel}","templated":true}]}}