{"id":6155,"date":"2026-04-30T09:13:28","date_gmt":"2026-04-30T07:13:28","guid":{"rendered":"https:\/\/www.svdeckenpfronn.de\/?p=6155"},"modified":"2026-04-30T09:13:30","modified_gmt":"2026-04-30T07:13:30","slug":"danke-an-den-fc-gaertringen","status":"publish","type":"post","link":"https:\/\/www.svdeckenpfronn.de\/?p=6155","title":{"rendered":"Danke an den FC G\u00e4rtringen"},"content":{"rendered":"\n<p>Im Rahmen des Heimspiels der Deckenpfronner zweiten Mannschaft gegen den FC G\u00e4rtringen wurde dem G\u00e4rtringer Vereinsvorstand Matthias Stevens ein symbolischer Dank \u00fcberreicht. Der SV Deckenpfronn durfte seine Trainingseinheiten und Vorbereitungsspiele in der Winterpause auf dem Kunstrasenplatz des FC G\u00e4rtringen durchf\u00fchren. Der SV Deckenpfronn ist sehr dankbar \u00fcber diese nachbarschaftliche Kooperation und m\u00f6chte in diesem Zusammenhang die vorbildliche Gastgeberrolle des FC G\u00e4rtringen hervorheben. Auch wenn es mal kurzfristige \u00c4nderungen im Ablauf gab, war das nie ein Problem und der FC G\u00e4rtringen tr\u00e4gt gewisserma\u00dfen einen Anteil daran, dass die R\u00fcckrunde des SV Deckenpfronn in der Bezirksliga nahezu perfekt l\u00e4uft. Auf dem Platz z\u00e4hlt der sportliche Wettkampf \u2013 neben dem Platz steht Freundschaft und erfolgreiches Miteinander im Vordergrund.<\/p>\n","protected":false},"excerpt":{"rendered":"<p>Im Rahmen des Heimspiels der Deckenpfronner zweiten Mannschaft gegen den FC G\u00e4rtringen wurde dem G\u00e4rtringer Vereinsvorstand Matthias Stevens ein symbolischer Dank \u00fcberreicht. Der SV Deckenpfronn durfte seine Trainingseinheiten und Vorbereitungsspiele in der Winterpause auf dem Kunstrasenplatz des FC G\u00e4rtringen durchf\u00fchren. Der SV Deckenpfronn ist sehr dankbar \u00fcber diese nachbarschaftliche Kooperation und m\u00f6chte in diesem Zusammenhang &#8230; <a title=\"Danke an den FC G\u00e4rtringen\" class=\"read-more\" href=\"https:\/\/www.svdeckenpfronn.de\/?p=6155\" aria-label=\"Mehr Informationen \u00fcber Danke an den FC G\u00e4rtringen\">Weiterlesen<\/a><\/p>\n","protected":false},"author":24,"featured_media":6156,"comment_status":"closed","ping_status":"closed","sticky":false,"template":"","format":"standard","meta":{"footnotes":""},"categories":[4,5,110],"tags":[],"class_list":["post-6155","post","type-post","status-publish","format-standard","has-post-thumbnail","hentry","category-1-mannschaft","category-2-mannschaft","category-vereinsleben"],"publishpress_future_action":{"enabled":false,"date":"2026-05-08 01:55:25","action":"change-status","newStatus":"draft","terms":[],"taxonomy":"category","extraData":[]},"publishpress_future_workflow_manual_trigger":{"enabledWorkflows":[]},"_links":{"self":[{"href":"https:\/\/www.svdeckenpfronn.de\/index.php?rest_route=\/wp\/v2\/posts\/6155","targetHints":{"allow":["GET"]}}],"collection":[{"href":"https:\/\/www.svdeckenpfronn.de\/index.php?rest_route=\/wp\/v2\/posts"}],"about":[{"href":"https:\/\/www.svdeckenpfronn.de\/index.php?rest_route=\/wp\/v2\/types\/post"}],"author":[{"embeddable":true,"href":"https:\/\/www.svdeckenpfronn.de\/index.php?rest_route=\/wp\/v2\/users\/24"}],"replies":[{"embeddable":true,"href":"https:\/\/www.svdeckenpfronn.de\/index.php?rest_route=%2Fwp%2Fv2%2Fcomments&post=6155"}],"version-history":[{"count":1,"href":"https:\/\/www.svdeckenpfronn.de\/index.php?rest_route=\/wp\/v2\/posts\/6155\/revisions"}],"predecessor-version":[{"id":6157,"href":"https:\/\/www.svdeckenpfronn.de\/index.php?rest_route=\/wp\/v2\/posts\/6155\/revisions\/6157"}],"wp:featuredmedia":[{"embeddable":true,"href":"https:\/\/www.svdeckenpfronn.de\/index.php?rest_route=\/wp\/v2\/media\/6156"}],"wp:attachment":[{"href":"https:\/\/www.svdeckenpfronn.de\/index.php?rest_route=%2Fwp%2Fv2%2Fmedia&parent=6155"}],"wp:term":[{"taxonomy":"category","embeddable":true,"href":"https:\/\/www.svdeckenpfronn.de\/index.php?rest_route=%2Fwp%2Fv2%2Fcategories&post=6155"},{"taxonomy":"post_tag","embeddable":true,"href":"https:\/\/www.svdeckenpfronn.de\/index.php?rest_route=%2Fwp%2Fv2%2Ftags&post=6155"}],"curies":[{"name":"wp","href":"https:\/\/api.w.org\/{rel}","templated":true}]}}