{"id":876,"date":"2016-09-24T12:57:51","date_gmt":"2016-09-24T10:57:51","guid":{"rendered":"http:\/\/www.svdeckenpfronn.de\/?p=876"},"modified":"2017-09-19T21:09:20","modified_gmt":"2017-09-19T19:09:20","slug":"2-spieltag-der-f1-jugend-am-24-09-2016-beim-sv-gueltlingen","status":"publish","type":"post","link":"https:\/\/www.svdeckenpfronn.de\/?p=876","title":{"rendered":"2. Spieltag der F1 Jugend am 24.09.2016 beim SV G\u00fcltlingen"},"content":{"rendered":"<p>Kurzfristig musste unsere Mannschaft nun zum SV G\u00fcltlingen reisen, da der Platz beim TSV M\u00f6ttlingen wegen einer Veranstaltung belegt war.<\/p>\n<p>Leider konnten unsere Jungs und M\u00e4dels nicht an die Glanzleistung vom letzten Spieltag ankn\u00fcpfen. Zwar gingen sie beim 1. Spiel gegen den Vfl Nagold 2 mit 1:0 in F\u00fchrung, jedoch hielt die Konzantration nicht lange an, weshalb sie eine Schlappe von 1:6 hinnehmen mussten.<\/p>\n<p>Beim 2. Spiel gegen den Vfl Ostelsheim lief es dann etwas besser. Es wurden gelegentlich sch\u00f6ne Spielz\u00fcge herausgespielt was schlussendlich zu einem 3:1 Sieg f\u00fchrte.<\/p>\n<p>Beim letzten Spiel an diesem Morgen mussten sie gegen den Nachbarn Spfr. Gechingen ran. Zun\u00e4chst konnte unsere Mannschaft 3:1 in F\u00fchrung gehen. Die Leistung und Konzentration lie\u00df jedoch merklich nach, weshalb der Gegener noch zum 3:3 ausgleichen konnte.<\/p>\n<p><strong>Ergebnisse:<\/strong><\/p>\n<p>SVD &#8211; Vfl Nagold 2\u00a0\u00a0\u00a0\u00a0\u00a0\u00a0\u00a0\u00a0\u00a0 1:6\u00a0\u00a0\u00a0 (Tor: Lenny)<\/p>\n<p>SVD &#8211; Vfl Ostelsheim\u00a0\u00a0\u00a0\u00a0\u00a0 3:1\u00a0\u00a0\u00a0 (Tore: 3 x Finn)<\/p>\n<p>SVD &#8211; Spfr. Gechingen\u00a0\u00a0\u00a0 3:3\u00a0\u00a0 (Tore: Finn, Nelly, Lenny)<\/p>\n<p><strong>f\u00fcr den SVD haben gespielt:<\/strong><\/p>\n<p>Luca, Jan, Dustin, Finn Lenny, Nelly, Noah und Till.<\/p>\n<p><strong>Vorschau:<\/strong><\/p>\n<p><em><strong>Der 3. Spieltag findet am 08.10.2016 ab 09.30 Uhr nochmals beim SV G\u00fcltlingen statt. \u00dcber zahlreiche Zuschauer w\u00fcrden sich die Spieler riesig freuen.<\/strong><\/em><\/p>\n<p>&nbsp;<\/p>\n<p>&nbsp;<\/p>\n<p>&nbsp;<\/p>\n","protected":false},"excerpt":{"rendered":"<p>Kurzfristig musste unsere Mannschaft nun zum SV G\u00fcltlingen reisen, da der Platz beim TSV M\u00f6ttlingen wegen einer Veranstaltung belegt war. Leider konnten unsere Jungs und M\u00e4dels nicht an die Glanzleistung vom letzten Spieltag ankn\u00fcpfen. Zwar gingen sie beim 1. Spiel gegen den Vfl Nagold 2 mit 1:0 in F\u00fchrung, jedoch hielt die Konzantration nicht lange &#8230; <a title=\"2. Spieltag der F1 Jugend am 24.09.2016 beim SV G\u00fcltlingen\" class=\"read-more\" href=\"https:\/\/www.svdeckenpfronn.de\/?p=876\" aria-label=\"Mehr Informationen \u00fcber 2. Spieltag der F1 Jugend am 24.09.2016 beim SV G\u00fcltlingen\">Weiterlesen<\/a><\/p>\n","protected":false},"author":2,"featured_media":874,"comment_status":"closed","ping_status":"closed","sticky":false,"template":"","format":"standard","meta":{"footnotes":""},"categories":[30],"tags":[],"class_list":["post-876","post","type-post","status-publish","format-standard","has-post-thumbnail","hentry","category-f1-jugend-201617"],"publishpress_future_action":{"enabled":false,"date":"2026-05-03 12:30:32","action":"change-status","newStatus":"draft","terms":[],"taxonomy":"category","extraData":[]},"publishpress_future_workflow_manual_trigger":{"enabledWorkflows":[]},"_links":{"self":[{"href":"https:\/\/www.svdeckenpfronn.de\/index.php?rest_route=\/wp\/v2\/posts\/876","targetHints":{"allow":["GET"]}}],"collection":[{"href":"https:\/\/www.svdeckenpfronn.de\/index.php?rest_route=\/wp\/v2\/posts"}],"about":[{"href":"https:\/\/www.svdeckenpfronn.de\/index.php?rest_route=\/wp\/v2\/types\/post"}],"author":[{"embeddable":true,"href":"https:\/\/www.svdeckenpfronn.de\/index.php?rest_route=\/wp\/v2\/users\/2"}],"replies":[{"embeddable":true,"href":"https:\/\/www.svdeckenpfronn.de\/index.php?rest_route=%2Fwp%2Fv2%2Fcomments&post=876"}],"version-history":[{"count":6,"href":"https:\/\/www.svdeckenpfronn.de\/index.php?rest_route=\/wp\/v2\/posts\/876\/revisions"}],"predecessor-version":[{"id":887,"href":"https:\/\/www.svdeckenpfronn.de\/index.php?rest_route=\/wp\/v2\/posts\/876\/revisions\/887"}],"wp:featuredmedia":[{"embeddable":true,"href":"https:\/\/www.svdeckenpfronn.de\/index.php?rest_route=\/wp\/v2\/media\/874"}],"wp:attachment":[{"href":"https:\/\/www.svdeckenpfronn.de\/index.php?rest_route=%2Fwp%2Fv2%2Fmedia&parent=876"}],"wp:term":[{"taxonomy":"category","embeddable":true,"href":"https:\/\/www.svdeckenpfronn.de\/index.php?rest_route=%2Fwp%2Fv2%2Fcategories&post=876"},{"taxonomy":"post_tag","embeddable":true,"href":"https:\/\/www.svdeckenpfronn.de\/index.php?rest_route=%2Fwp%2Fv2%2Ftags&post=876"}],"curies":[{"name":"wp","href":"https:\/\/api.w.org\/{rel}","templated":true}]}}