{"id":986,"date":"2016-10-12T18:18:51","date_gmt":"2016-10-12T16:18:51","guid":{"rendered":"http:\/\/www.svdeckenpfronn.de\/?p=986"},"modified":"2017-09-19T21:11:30","modified_gmt":"2017-09-19T19:11:30","slug":"wuerttembergische-meisterschaft","status":"publish","type":"post","link":"https:\/\/www.svdeckenpfronn.de\/?p=986","title":{"rendered":"Baden-W\u00fcrttembergische Meisterschaft"},"content":{"rendered":"<p>SV Deckenpfronn 3 (Kooperationsmannschaft von GWW und MvLG) weiter auf Erfolgskurs<\/p>\n<p>Bei der 4. Baden-W\u00fcrttembergischen Unified-Fu\u00dfballmeisterschaft, die am 6. und 7. Oktober auf dem Gel\u00e4nde der TSG 1899 Hoffenheim ausgetragen wurde, konnte die Kooperationsmannschaft der GWW Sindelfingen und des MvLG Calw-Stammheim an die furiose Leistung vom Vorjahr ankn\u00fcpfen. Nur das schlechtere Torverh\u00e4ltnis f\u00fchrte dazu, dass man den Baden-W\u00fcrttembergischen Meistertitel nicht verteidigen konnte und ungeschlagen sowie punktgleich mit dem Turniersieger aus Wilhelmsdorf Vizemeister wurde. Das war der erste Erfolg unter dem neuen Mannschaftsnamen SV Deckenpfronn 3. Nach insgesamt zehn kr\u00e4ftezehrenden Partien konnte man nach zwei Fu\u00dfballtagen schlie\u00dflich bei der feierlichen Siegerehrung im Dietmar-Hopp-Stadion die Urkunden, Medaillen und Troph\u00e4en in Empfang nehmen.<\/p>\n<p><img loading=\"lazy\" decoding=\"async\" class=\"size-medium wp-image-1003 alignleft\" src=\"https:\/\/www.svdeckenpfronn.de\/wp-content\/uploads\/2016\/10\/P1090529-300x225.jpg\" alt=\"P1090529\" width=\"300\" height=\"225\" srcset=\"https:\/\/www.svdeckenpfronn.de\/wp-content\/uploads\/2016\/10\/P1090529-300x225.jpg 300w, https:\/\/www.svdeckenpfronn.de\/wp-content\/uploads\/2016\/10\/P1090529-768x576.jpg 768w, https:\/\/www.svdeckenpfronn.de\/wp-content\/uploads\/2016\/10\/P1090529-1024x768.jpg 1024w, https:\/\/www.svdeckenpfronn.de\/wp-content\/uploads\/2016\/10\/P1090529-400x300.jpg 400w, https:\/\/www.svdeckenpfronn.de\/wp-content\/uploads\/2016\/10\/P1090529.jpg 1200w\" sizes=\"auto, (max-width: 300px) 100vw, 300px\" \/><\/p>\n<p>Bei der von der Special Olympics Baden-W\u00fcrttemberg und der TSG 1899 Hoffenheim veranstalteten 4. Unified-Fu\u00dfballmeisterschaft ma\u00dfen sich 14 Mannschaften aus dem kompletten baden-w\u00fcrttembergischen Raum, bestehend aus Spielern mit geistigen, zerebralen und psychischen Handicaps und ihren jeweiligen Unified-Partnern ohne Behinderung. Gespielt wurde nach dem Regelwerk von Special Olympics Baden-W\u00fcrttemberg.<\/p>\n<p>Sichtlich stolz liefen die Spieler in den neuen, vom SV Deckenpfronn gestifteten Trikots zu den Partien auf. Der SV Deckenpfronn war es auch, der das Unifiedteam vor wenigen Monaten in seinen Verein aufnahm und der Mannschaft so eine neue Heimat gab. Das gemeinsame Engagement von GWW, MvLG und SV Deckenpronn drang damals durch die Verleihung der Bison-Plakette (<strong>B<\/strong>aden-W\u00fcrttemberg <strong>I<\/strong>nkludiert <strong>S<\/strong>portler <strong>O<\/strong>hne <strong>N<\/strong>orm) des Landes Baden-W\u00fcrttemberg in die \u00d6ffentlichkeit.<\/p>\n<p>Bemerkenswert ist dar\u00fcber hinaus auch die Vielzahl der urspr\u00fcnglichen Herkunftsl\u00e4nder, aus der die Spieler des SV Deckenpfronn 3 stammen: Nigeria, Kamerun, Eritrea, T\u00fcrkei, Italien, Russland \u2013 um nur einige zu nennen. So steht folglich bei Spielen des SV Deckenpfronn 3 nicht selten eine \u201eWeltauswahl\u201c auf dem Platz.<\/p>\n<p>Das siegreiche Team wird betreut von Dieter Decker (GWW Calw-Stammheim) und Daniel Klumpp (Maria von Linden-Gymnasium Calw-Stammheim), die vor rund zweieinhalb Jahren beschlossen, aus fu\u00dfballbegeisterten jungen Menschen beider Einrichtungen eine Unified-Fu\u00dfballmannschaft zu formen. Neben den gemeinsamen Trainingseinheiten tragen auch gemeinsame Besuche von Bundesligapartien der TSG 1899 Hoffenheim zur Teamfindung bei. So wird das n\u00e4chste Highlight der Kooperation der gemeinsame Besuch der Bundesligapartie TSG 1899 Hoffenheim : Werder Bremen im Dezember sein.<\/p>\n<div id='gallery-1' class='gallery galleryid-986 gallery-columns-3 gallery-size-medium'><figure class='gallery-item'>\n\t\t\t<div class='gallery-icon landscape'>\n\t\t\t\t<a href='https:\/\/www.svdeckenpfronn.de\/wp-content\/uploads\/2016\/10\/P1090437.jpg' title=\"\" data-rl_title=\"\" class=\"rl-gallery-link\" data-rl_caption=\"\" data-rel=\"lightbox-gallery-1\"><img loading=\"lazy\" decoding=\"async\" width=\"300\" height=\"225\" src=\"https:\/\/www.svdeckenpfronn.de\/wp-content\/uploads\/2016\/10\/P1090437-300x225.jpg\" class=\"attachment-medium size-medium\" alt=\"\" srcset=\"https:\/\/www.svdeckenpfronn.de\/wp-content\/uploads\/2016\/10\/P1090437-300x225.jpg 300w, https:\/\/www.svdeckenpfronn.de\/wp-content\/uploads\/2016\/10\/P1090437-768x576.jpg 768w, https:\/\/www.svdeckenpfronn.de\/wp-content\/uploads\/2016\/10\/P1090437-400x300.jpg 400w, https:\/\/www.svdeckenpfronn.de\/wp-content\/uploads\/2016\/10\/P1090437.jpg 800w\" sizes=\"auto, (max-width: 300px) 100vw, 300px\" \/><\/a>\n\t\t\t<\/div><\/figure><figure class='gallery-item'>\n\t\t\t<div class='gallery-icon landscape'>\n\t\t\t\t<a href='https:\/\/www.svdeckenpfronn.de\/wp-content\/uploads\/2016\/10\/P1090415.jpg' title=\"\" data-rl_title=\"\" class=\"rl-gallery-link\" data-rl_caption=\"\" data-rel=\"lightbox-gallery-1\"><img loading=\"lazy\" decoding=\"async\" width=\"300\" height=\"225\" src=\"https:\/\/www.svdeckenpfronn.de\/wp-content\/uploads\/2016\/10\/P1090415-300x225.jpg\" class=\"attachment-medium size-medium\" alt=\"\" srcset=\"https:\/\/www.svdeckenpfronn.de\/wp-content\/uploads\/2016\/10\/P1090415-300x225.jpg 300w, https:\/\/www.svdeckenpfronn.de\/wp-content\/uploads\/2016\/10\/P1090415-768x576.jpg 768w, https:\/\/www.svdeckenpfronn.de\/wp-content\/uploads\/2016\/10\/P1090415-400x300.jpg 400w, https:\/\/www.svdeckenpfronn.de\/wp-content\/uploads\/2016\/10\/P1090415.jpg 880w\" sizes=\"auto, (max-width: 300px) 100vw, 300px\" \/><\/a>\n\t\t\t<\/div><\/figure><figure class='gallery-item'>\n\t\t\t<div class='gallery-icon landscape'>\n\t\t\t\t<a href='https:\/\/www.svdeckenpfronn.de\/wp-content\/uploads\/2016\/10\/Erhan_Fallr\u00fcckzieher.jpg' title=\"\" data-rl_title=\"\" class=\"rl-gallery-link\" data-rl_caption=\"\" data-rel=\"lightbox-gallery-1\"><img loading=\"lazy\" decoding=\"async\" width=\"300\" height=\"200\" src=\"https:\/\/www.svdeckenpfronn.de\/wp-content\/uploads\/2016\/10\/Erhan_Fallr\u00fcckzieher-300x200.jpg\" class=\"attachment-medium size-medium\" alt=\"\" srcset=\"https:\/\/www.svdeckenpfronn.de\/wp-content\/uploads\/2016\/10\/Erhan_Fallr\u00fcckzieher-300x200.jpg 300w, https:\/\/www.svdeckenpfronn.de\/wp-content\/uploads\/2016\/10\/Erhan_Fallr\u00fcckzieher-768x512.jpg 768w, https:\/\/www.svdeckenpfronn.de\/wp-content\/uploads\/2016\/10\/Erhan_Fallr\u00fcckzieher-400x267.jpg 400w, https:\/\/www.svdeckenpfronn.de\/wp-content\/uploads\/2016\/10\/Erhan_Fallr\u00fcckzieher.jpg 900w\" sizes=\"auto, (max-width: 300px) 100vw, 300px\" \/><\/a>\n\t\t\t<\/div><\/figure>\n\t\t<\/div>\n\n","protected":false},"excerpt":{"rendered":"<p>SV Deckenpfronn 3 (Kooperationsmannschaft von GWW und MvLG) weiter auf Erfolgskurs Bei der 4. Baden-W\u00fcrttembergischen Unified-Fu\u00dfballmeisterschaft, die am 6. und 7. Oktober auf dem Gel\u00e4nde der TSG 1899 Hoffenheim ausgetragen wurde, konnte die Kooperationsmannschaft der GWW Sindelfingen und des MvLG Calw-Stammheim an die furiose Leistung vom Vorjahr ankn\u00fcpfen. Nur das schlechtere Torverh\u00e4ltnis f\u00fchrte dazu, dass &#8230; <a title=\"Baden-W\u00fcrttembergische Meisterschaft\" class=\"read-more\" href=\"https:\/\/www.svdeckenpfronn.de\/?p=986\" aria-label=\"Mehr Informationen \u00fcber Baden-W\u00fcrttembergische Meisterschaft\">Weiterlesen<\/a><\/p>\n","protected":false},"author":5,"featured_media":989,"comment_status":"closed","ping_status":"closed","sticky":false,"template":"","format":"standard","meta":{"footnotes":""},"categories":[28],"tags":[],"class_list":["post-986","post","type-post","status-publish","format-standard","has-post-thumbnail","hentry","category-inklusionsmannschaft-201617"],"publishpress_future_action":{"enabled":false,"date":"2026-05-03 14:29:52","action":"change-status","newStatus":"draft","terms":[],"taxonomy":"category","extraData":[]},"publishpress_future_workflow_manual_trigger":{"enabledWorkflows":[]},"_links":{"self":[{"href":"https:\/\/www.svdeckenpfronn.de\/index.php?rest_route=\/wp\/v2\/posts\/986","targetHints":{"allow":["GET"]}}],"collection":[{"href":"https:\/\/www.svdeckenpfronn.de\/index.php?rest_route=\/wp\/v2\/posts"}],"about":[{"href":"https:\/\/www.svdeckenpfronn.de\/index.php?rest_route=\/wp\/v2\/types\/post"}],"author":[{"embeddable":true,"href":"https:\/\/www.svdeckenpfronn.de\/index.php?rest_route=\/wp\/v2\/users\/5"}],"replies":[{"embeddable":true,"href":"https:\/\/www.svdeckenpfronn.de\/index.php?rest_route=%2Fwp%2Fv2%2Fcomments&post=986"}],"version-history":[{"count":13,"href":"https:\/\/www.svdeckenpfronn.de\/index.php?rest_route=\/wp\/v2\/posts\/986\/revisions"}],"predecessor-version":[{"id":1011,"href":"https:\/\/www.svdeckenpfronn.de\/index.php?rest_route=\/wp\/v2\/posts\/986\/revisions\/1011"}],"wp:featuredmedia":[{"embeddable":true,"href":"https:\/\/www.svdeckenpfronn.de\/index.php?rest_route=\/wp\/v2\/media\/989"}],"wp:attachment":[{"href":"https:\/\/www.svdeckenpfronn.de\/index.php?rest_route=%2Fwp%2Fv2%2Fmedia&parent=986"}],"wp:term":[{"taxonomy":"category","embeddable":true,"href":"https:\/\/www.svdeckenpfronn.de\/index.php?rest_route=%2Fwp%2Fv2%2Fcategories&post=986"},{"taxonomy":"post_tag","embeddable":true,"href":"https:\/\/www.svdeckenpfronn.de\/index.php?rest_route=%2Fwp%2Fv2%2Ftags&post=986"}],"curies":[{"name":"wp","href":"https:\/\/api.w.org\/{rel}","templated":true}]}}